{"id":64658,"date":"2025-10-29T16:14:58","date_gmt":"2025-10-29T13:14:58","guid":{"rendered":"https:\/\/www.egemtv.com\/?p=64658"},"modified":"2025-10-29T16:14:58","modified_gmt":"2025-10-29T13:14:58","slug":"aydinfestin-son-gununde-60-binden-fazla-aydinli-coskuyu-birlikte-yasadi","status":"publish","type":"post","link":"https:\/\/www.egemtv.com\/?p=64658","title":{"rendered":"Ayd\u0131nfest\u2019in son g\u00fcn\u00fcnde 60 binden fazla Ayd\u0131nl\u0131 co\u015fkuyu birlikte ya\u015fad\u0131"},"content":{"rendered":"<p>Ayd\u0131n B\u00fcy\u00fck\u015fehir Belediyesi taraf\u0131ndan d\u00fczenlenen ve 4 g\u00fcnd\u00fcr Ayd\u0131nl\u0131lara unutulmaz anlar ya\u015fatan Ayd\u0131nfest Gen\u00e7lik Festivali, muhte\u015fem bir finalle sona erdi.<br \/>\n<br \/>Ayd\u0131n Tekstil Park\u2019ta ger\u00e7ekle\u015fen festivalin son g\u00fcn\u00fcnde Buray, Ati242 ve M Lisa sahne ald\u0131. \u00dcnl\u00fc sanat\u00e7\u0131lar, seslendirdikleri sevilen \u015fark\u0131larla on binlerce Ayd\u0131nl\u0131ya unutulmaz bir gece ya\u015fatt\u0131. Festivalin son g\u00fcn\u00fcnde Ayd\u0131n B\u00fcy\u00fck\u015fehir Belediye Ba\u015fkan\u0131 \u00d6zlem \u00c7er\u00e7io\u011flu ve AK Parti Ayd\u0131n Milletvekili Seda Sar\u0131ba\u015f da Ayd\u0131nl\u0131larla bulu\u015ftu. Festivalin final g\u00fcn\u00fcnde 60 binden fazla vatanda\u015f Tekstil Park\u2019\u0131 doldururken, co\u015fku t\u00fcm kenti sard\u0131. Her ya\u015ftan Ayd\u0131nl\u0131, m\u00fczik ve e\u011flence dolu gecede konserler boyunca sanat\u00e7\u0131lara e\u015flik etti. Vatanda\u015flar, festivali Ayd\u0131n\u2019a kazand\u0131ran Ayd\u0131n B\u00fcy\u00fck\u015fehir Belediye Ba\u015fkan\u0131 \u00d6zlem \u00c7er\u00e7io\u011flu\u2019na te\u015fekk\u00fcr etti. Konserlerden memnuniyet duyduklar\u0131n\u0131 belirten vatanda\u015flar, Ba\u015fkan \u00c7er\u00e7io\u011flu\u2019nun \u00f6nc\u00fcl\u00fc\u011f\u00fcnde Ayd\u0131n\u2019a kazand\u0131r\u0131lan Ayd\u0131n Tekstil Park\u2019\u0131n d\u00fczenlenen etkinlikler, konserler ve bulu\u015fmalarla Ayd\u0131n\u2019\u0131n k\u00fclt\u00fcrel ya\u015fam\u0131na renk katan bir cazibe merkezi haline geldi\u011fini belirtti.<br \/>\n<br \/>&#8220;K\u00fclt\u00fcr ve sanat aktivitelerimiz devam edecek&#8221;<br \/>\n<br \/>B\u00fcy\u00fck\u015fehir Belediyesi taraf\u0131ndan d\u00fczenlenen k\u00fclt\u00fcr ve sanat etkinliklerinin devam edece\u011fini belirten Ba\u015fkan \u00c7er\u00e7io\u011flu, &#8220;D\u00f6rt g\u00fcn boyunca gen\u00e7lerimizle, hem\u015fehrilerimizle birlikte \u00e7ok g\u00fczel bir atmosfer ya\u015fad\u0131k. Ayd\u0131nfest art\u0131k bir gelenek haline geldi. Her y\u0131l daha da b\u00fcy\u00fcyen bu co\u015fku, Ayd\u0131n\u2019\u0131n birlik ve dayan\u0131\u015fmas\u0131n\u0131n en g\u00fczel g\u00f6stergesi. Biz, bu \u015fehirde birlikte g\u00fcl\u00fcyor, birlikte \u00fcretiyor, birlikte kutluyoruz. K\u00fclt\u00fcr ve sanat aktivitelerimizi s\u00fcrd\u00fcrecek, her ya\u015ftan vatanda\u015f\u0131m\u0131z\u0131n yan\u0131nda olmaya devam edece\u011fiz&#8221; ifadelerini kulland\u0131.<br \/>\n<br \/>T\u00fcm vatanda\u015flar\u0131n 29 Ekim Cumhuriyet Bayram\u0131\u2019n\u0131 kutlayan Ba\u015fkan \u00c7er\u00e7io\u011flu, Ayd\u0131nfest Gen\u00e7lik Festivali\u2019nin 2026 y\u0131l\u0131nda da Ayd\u0131nl\u0131lar ile bulu\u015faca\u011f\u0131n\u0131 m\u00fcjdeledi.<br \/><\/p>\n","protected":false},"excerpt":{"rendered":"<p>Ayd\u0131n B\u00fcy\u00fck\u015fehir Belediyesi taraf\u0131ndan d\u00fczenlenen ve 4 g\u00fcnd\u00fcr Ayd\u0131nl\u0131lara unutulmaz anlar ya\u015fatan Ayd\u0131nfest Gen\u00e7lik Festivali, muhte\u015fem bir finalle sona erdi. Ayd\u0131n Tekstil Park\u2019ta ger\u00e7ekle\u015fen festivalin son g\u00fcn\u00fcnde Buray, Ati242 ve M Lisa sahne ald\u0131. \u00dcnl\u00fc sanat\u00e7\u0131lar, seslendirdikleri sevilen \u015fark\u0131larla on binlerce Ayd\u0131nl\u0131ya unutulmaz bir gece ya\u015fatt\u0131. Festivalin son g\u00fcn\u00fcnde Ayd\u0131n B\u00fcy\u00fck\u015fehir Belediye Ba\u015fkan\u0131 \u00d6zlem \u00c7er\u00e7io\u011flu&#8230;<\/p>\n","protected":false},"author":1,"featured_media":64659,"comment_status":"open","ping_status":"open","sticky":false,"template":"","format":"standard","meta":{"_crdt_document":"","footnotes":""},"categories":[1],"tags":[],"class_list":["post-64658","post","type-post","status-publish","format-standard","has-post-thumbnail","hentry","category-guncel"],"_links":{"self":[{"href":"https:\/\/www.egemtv.com\/index.php?rest_route=\/wp\/v2\/posts\/64658","targetHints":{"allow":["GET"]}}],"collection":[{"href":"https:\/\/www.egemtv.com\/index.php?rest_route=\/wp\/v2\/posts"}],"about":[{"href":"https:\/\/www.egemtv.com\/index.php?rest_route=\/wp\/v2\/types\/post"}],"author":[{"embeddable":true,"href":"https:\/\/www.egemtv.com\/index.php?rest_route=\/wp\/v2\/users\/1"}],"replies":[{"embeddable":true,"href":"https:\/\/www.egemtv.com\/index.php?rest_route=%2Fwp%2Fv2%2Fcomments&post=64658"}],"version-history":[{"count":1,"href":"https:\/\/www.egemtv.com\/index.php?rest_route=\/wp\/v2\/posts\/64658\/revisions"}],"predecessor-version":[{"id":64660,"href":"https:\/\/www.egemtv.com\/index.php?rest_route=\/wp\/v2\/posts\/64658\/revisions\/64660"}],"wp:featuredmedia":[{"embeddable":true,"href":"https:\/\/www.egemtv.com\/index.php?rest_route=\/wp\/v2\/media\/64659"}],"wp:attachment":[{"href":"https:\/\/www.egemtv.com\/index.php?rest_route=%2Fwp%2Fv2%2Fmedia&parent=64658"}],"wp:term":[{"taxonomy":"category","embeddable":true,"href":"https:\/\/www.egemtv.com\/index.php?rest_route=%2Fwp%2Fv2%2Fcategories&post=64658"},{"taxonomy":"post_tag","embeddable":true,"href":"https:\/\/www.egemtv.com\/index.php?rest_route=%2Fwp%2Fv2%2Ftags&post=64658"}],"curies":[{"name":"wp","href":"https:\/\/api.w.org\/{rel}","templated":true}]}}