{"id":64620,"date":"2025-10-29T14:55:40","date_gmt":"2025-10-29T11:55:40","guid":{"rendered":"https:\/\/www.egemtv.com\/?p=64620"},"modified":"2025-10-29T14:55:41","modified_gmt":"2025-10-29T11:55:41","slug":"baskan-putun-29-ekim-cumhuriyet-bayramini-en-icten-duygularimla-kutluyorum","status":"publish","type":"post","link":"https:\/\/www.egemtv.com\/?p=64620","title":{"rendered":"Ba\u015fkan P\u00fct\u00fcn; &#8220;29 Ekim Cumhuriyet Bayram\u0131\u2019n\u0131 en i\u00e7ten duygular\u0131mla kutluyorum&#8221;"},"content":{"rendered":"<p>Denizli\u2019nin Beya\u011fa\u00e7 il\u00e7esinde Cumhuriyet\u2019in kurulu\u015funun 102. Y\u0131l\u0131 ve 29 Ekim Cumhuriyet Bayram\u0131 kutlamalar\u0131 d\u00fczenlendi. D\u00fczenlenen kutlamalarda eme\u011fi ge\u00e7en herkese te\u015fekk\u00fcrlerini ileten Beya\u011fa\u00e7 Belediye Ba\u015fkan\u0131 Sezayi P\u00fct\u00fcn, &#8220;Ay Y\u0131ld\u0131zl\u0131 \u015fanl\u0131 bayra\u011f\u0131m\u0131z\u0131n g\u00f6lgesinde nice 102 y\u0131llara dileklerimle t\u00fcm hem\u015fehrilerimin 29 Ekim Cumhuriyet Bayram\u0131\u2019n\u0131 en i\u00e7ten duygular\u0131mla kutluyorum&#8221; dedi.<\/p>\n<p>Denizli\u2019nin Beya\u011fa\u00e7 il\u00e7esinde Cumhuriyet\u2019in kurulu\u015funun 102. Y\u0131l\u0131 ve 29 Ekim Cumhuriyet Bayram\u0131 kutlamalar\u0131 d\u00fczenlendi. Beya\u011fa\u00e7 Belediye Ba\u015fkan\u0131 Sezayi P\u00fct\u00fcn, \u0130mam Hatip Ortaokulu ve Lisesi\u2019nde ger\u00e7ekle\u015ftirilen 29 Ekim Cumhuriyet Bayram\u0131 etkinliklerine kat\u0131ld\u0131.<\/p>\n<p>&#8220;29 Ekim Cumhuriyet Bayram\u0131\u2019n\u0131 en i\u00e7ten duygular\u0131mla kutluyorum&#8221;&#8221;<br \/>\n<br \/>Co\u015fkuyla kutlanan program\u0131n haz\u0131rlanmas\u0131nda eme\u011fi ge\u00e7enlere te\u015fekk\u00fcr etti\u011fini belirten Ba\u015fkan P\u00fct\u00fcn, Co\u015fkuyla kutlanan program\u0131n haz\u0131rlanmas\u0131nda eme\u011fi ge\u00e7en t\u00fcm \u00f6\u011fretmenlerimize ve \u00f6\u011frencilerimize te\u015fekk\u00fcr ediyor, Ay Y\u0131ld\u0131zl\u0131 \u015fanl\u0131 bayra\u011f\u0131m\u0131z\u0131n g\u00f6lgesinde nice 102 y\u0131llara dileklerimle t\u00fcm hem\u015fehrilerimin 29 Ekim Cumhuriyet Bayram\u0131\u2019n\u0131 en i\u00e7ten duygular\u0131mla kutluyorum. Ba\u015fta Gazi Mustafa Kemal Atat\u00fcrk olmak \u00fczere t\u00fcm silah arkada\u015flar\u0131n\u0131, aziz \u015fehitlerimizi ve gazilerimizi sayg\u0131, minnet ve rahmetle an\u0131yorum. 29 Ekim Cumhuriyet Bayram\u0131m\u0131z kutlu olsun&#8221; diye konu\u015ftu.<br \/><\/p>\n","protected":false},"excerpt":{"rendered":"<p>Denizli\u2019nin Beya\u011fa\u00e7 il\u00e7esinde Cumhuriyet\u2019in kurulu\u015funun 102. Y\u0131l\u0131 ve 29 Ekim Cumhuriyet Bayram\u0131 kutlamalar\u0131 d\u00fczenlendi. D\u00fczenlenen kutlamalarda eme\u011fi ge\u00e7en herkese te\u015fekk\u00fcrlerini ileten Beya\u011fa\u00e7 Belediye Ba\u015fkan\u0131 Sezayi P\u00fct\u00fcn, &#8220;Ay Y\u0131ld\u0131zl\u0131 \u015fanl\u0131 bayra\u011f\u0131m\u0131z\u0131n g\u00f6lgesinde nice 102 y\u0131llara dileklerimle t\u00fcm hem\u015fehrilerimin 29 Ekim Cumhuriyet Bayram\u0131\u2019n\u0131 en i\u00e7ten duygular\u0131mla kutluyorum&#8221; dedi. Denizli\u2019nin Beya\u011fa\u00e7 il\u00e7esinde Cumhuriyet\u2019in kurulu\u015funun 102. Y\u0131l\u0131 ve 29&#8230;<\/p>\n","protected":false},"author":1,"featured_media":64621,"comment_status":"open","ping_status":"open","sticky":false,"template":"","format":"standard","meta":{"_crdt_document":"","footnotes":""},"categories":[1],"tags":[],"class_list":["post-64620","post","type-post","status-publish","format-standard","has-post-thumbnail","hentry","category-guncel"],"_links":{"self":[{"href":"https:\/\/www.egemtv.com\/index.php?rest_route=\/wp\/v2\/posts\/64620","targetHints":{"allow":["GET"]}}],"collection":[{"href":"https:\/\/www.egemtv.com\/index.php?rest_route=\/wp\/v2\/posts"}],"about":[{"href":"https:\/\/www.egemtv.com\/index.php?rest_route=\/wp\/v2\/types\/post"}],"author":[{"embeddable":true,"href":"https:\/\/www.egemtv.com\/index.php?rest_route=\/wp\/v2\/users\/1"}],"replies":[{"embeddable":true,"href":"https:\/\/www.egemtv.com\/index.php?rest_route=%2Fwp%2Fv2%2Fcomments&post=64620"}],"version-history":[{"count":1,"href":"https:\/\/www.egemtv.com\/index.php?rest_route=\/wp\/v2\/posts\/64620\/revisions"}],"predecessor-version":[{"id":64622,"href":"https:\/\/www.egemtv.com\/index.php?rest_route=\/wp\/v2\/posts\/64620\/revisions\/64622"}],"wp:featuredmedia":[{"embeddable":true,"href":"https:\/\/www.egemtv.com\/index.php?rest_route=\/wp\/v2\/media\/64621"}],"wp:attachment":[{"href":"https:\/\/www.egemtv.com\/index.php?rest_route=%2Fwp%2Fv2%2Fmedia&parent=64620"}],"wp:term":[{"taxonomy":"category","embeddable":true,"href":"https:\/\/www.egemtv.com\/index.php?rest_route=%2Fwp%2Fv2%2Fcategories&post=64620"},{"taxonomy":"post_tag","embeddable":true,"href":"https:\/\/www.egemtv.com\/index.php?rest_route=%2Fwp%2Fv2%2Ftags&post=64620"}],"curies":[{"name":"wp","href":"https:\/\/api.w.org\/{rel}","templated":true}]}}