{"id":64617,"date":"2025-10-29T14:55:39","date_gmt":"2025-10-29T11:55:39","guid":{"rendered":"https:\/\/www.egemtv.com\/?p=64617"},"modified":"2025-10-29T14:55:40","modified_gmt":"2025-10-29T11:55:40","slug":"okullarda-cumhuriyet-coskusu","status":"publish","type":"post","link":"https:\/\/www.egemtv.com\/?p=64617","title":{"rendered":"Okullarda cumhuriyet co\u015fkusu"},"content":{"rendered":"<p>Manisa\u2019daki okullarda 29 Ekim Cumhuriyet Bayram\u0131 co\u015fkuyla kutland\u0131. \u00d6\u011frenciler k\u0131rm\u0131z\u0131-beyaz k\u0131yafetleri ve bayraklar\u0131yla haz\u0131rlad\u0131klar\u0131 g\u00f6sterilerle b\u00fcy\u00fck alk\u0131\u015f toplad\u0131.<br \/>\n<br \/>Manisa genelindeki okullarda 29 Ekim Cumhuriyet Bayram\u0131 co\u015fkuyla kutland\u0131. \u015eehzadeler il\u00e7esinde Dr. \u00d6mer Faruk Meri\u00e7 \u0130lkokulu\u2019nda d\u00fczenlenen t\u00f6rene Ahmet Bedevi Mahallesi Muhtar\u0131 Turan \u015eahin ve Dr. \u00d6mer Faruk Meri\u00e7 Ortaokulu M\u00fcd\u00fcr\u00fc Serkan Do\u011fan da kat\u0131ld\u0131.<br \/>\n<br \/>T\u00f6ren, sayg\u0131 duru\u015funda bulunulmas\u0131 ve \u0130stiklal Mar\u015f\u0131n\u0131n okunmas\u0131yla ba\u015flad\u0131. Okul M\u00fcd\u00fcr\u00fc Bar\u0131\u015f Karata\u015f, Cumhuriyet\u2019in 102. y\u0131l\u0131n\u0131 kutlaman\u0131n b\u00fcy\u00fck bir gurur kayna\u011f\u0131 oldu\u011funu ifade ederek, bu g\u00fcn\u00fcn T\u00fcrk milletinin tarihindeki \u00f6nemine dikkat \u00e7ekti. \u00d6\u011frenciler k\u0131rm\u0131z\u0131-beyaz k\u0131yafetleri ve ellerinde T\u00fcrk bayraklar\u0131yla haz\u0131rlad\u0131klar\u0131 g\u00f6sterilerle izleyenlerden b\u00fcy\u00fck alk\u0131\u015f ald\u0131.<br \/>\n<br \/>Etkinlik, \u00f6\u011frenciler ve \u00f6\u011fretmenlerin ortak \u00e7al\u0131\u015fmas\u0131yla Cumhuriyet\u2019in g\u00fcc\u00fcn\u00fc ve T\u00fcrk milletinin birli\u011fini g\u00f6zler \u00f6n\u00fcne sererken, gen\u00e7 nesillerin Cumhuriyet bilincini kazanmas\u0131 a\u00e7\u0131s\u0131ndan da b\u00fcy\u00fck \u00f6nem ta\u015f\u0131d\u0131.<br \/><\/p>\n","protected":false},"excerpt":{"rendered":"<p>Manisa\u2019daki okullarda 29 Ekim Cumhuriyet Bayram\u0131 co\u015fkuyla kutland\u0131. \u00d6\u011frenciler k\u0131rm\u0131z\u0131-beyaz k\u0131yafetleri ve bayraklar\u0131yla haz\u0131rlad\u0131klar\u0131 g\u00f6sterilerle b\u00fcy\u00fck alk\u0131\u015f toplad\u0131. Manisa genelindeki okullarda 29 Ekim Cumhuriyet Bayram\u0131 co\u015fkuyla kutland\u0131. \u015eehzadeler il\u00e7esinde Dr. \u00d6mer Faruk Meri\u00e7 \u0130lkokulu\u2019nda d\u00fczenlenen t\u00f6rene Ahmet Bedevi Mahallesi Muhtar\u0131 Turan \u015eahin ve Dr. \u00d6mer Faruk Meri\u00e7 Ortaokulu M\u00fcd\u00fcr\u00fc Serkan Do\u011fan da kat\u0131ld\u0131. T\u00f6ren, sayg\u0131&#8230;<\/p>\n","protected":false},"author":1,"featured_media":64618,"comment_status":"open","ping_status":"open","sticky":false,"template":"","format":"standard","meta":{"_crdt_document":"","footnotes":""},"categories":[1],"tags":[],"class_list":["post-64617","post","type-post","status-publish","format-standard","has-post-thumbnail","hentry","category-guncel"],"_links":{"self":[{"href":"https:\/\/www.egemtv.com\/index.php?rest_route=\/wp\/v2\/posts\/64617","targetHints":{"allow":["GET"]}}],"collection":[{"href":"https:\/\/www.egemtv.com\/index.php?rest_route=\/wp\/v2\/posts"}],"about":[{"href":"https:\/\/www.egemtv.com\/index.php?rest_route=\/wp\/v2\/types\/post"}],"author":[{"embeddable":true,"href":"https:\/\/www.egemtv.com\/index.php?rest_route=\/wp\/v2\/users\/1"}],"replies":[{"embeddable":true,"href":"https:\/\/www.egemtv.com\/index.php?rest_route=%2Fwp%2Fv2%2Fcomments&post=64617"}],"version-history":[{"count":1,"href":"https:\/\/www.egemtv.com\/index.php?rest_route=\/wp\/v2\/posts\/64617\/revisions"}],"predecessor-version":[{"id":64619,"href":"https:\/\/www.egemtv.com\/index.php?rest_route=\/wp\/v2\/posts\/64617\/revisions\/64619"}],"wp:featuredmedia":[{"embeddable":true,"href":"https:\/\/www.egemtv.com\/index.php?rest_route=\/wp\/v2\/media\/64618"}],"wp:attachment":[{"href":"https:\/\/www.egemtv.com\/index.php?rest_route=%2Fwp%2Fv2%2Fmedia&parent=64617"}],"wp:term":[{"taxonomy":"category","embeddable":true,"href":"https:\/\/www.egemtv.com\/index.php?rest_route=%2Fwp%2Fv2%2Fcategories&post=64617"},{"taxonomy":"post_tag","embeddable":true,"href":"https:\/\/www.egemtv.com\/index.php?rest_route=%2Fwp%2Fv2%2Ftags&post=64617"}],"curies":[{"name":"wp","href":"https:\/\/api.w.org\/{rel}","templated":true}]}}