{"id":64614,"date":"2025-10-29T14:55:38","date_gmt":"2025-10-29T11:55:38","guid":{"rendered":"https:\/\/www.egemtv.com\/?p=64614"},"modified":"2025-10-29T14:55:39","modified_gmt":"2025-10-29T11:55:39","slug":"kepce-operatorunden-anlamli-cumhuriyet-kutlamasi","status":"publish","type":"post","link":"https:\/\/www.egemtv.com\/?p=64614","title":{"rendered":"Kep\u00e7e operat\u00f6r\u00fcnden anlaml\u0131 cumhuriyet kutlamas\u0131"},"content":{"rendered":"<p>Manisa\u2019n\u0131n Sar\u0131g\u00f6l il\u00e7esi Dada\u011fl\u0131 Mahallesi\u2019nde kep\u00e7e operat\u00f6r\u00fc Erdem Ayd\u0131n, Cumhuriyetin kurulu\u015funun 102\u2019nci y\u0131l\u0131n\u0131 farkl\u0131 bir \u015fekilde kutlad\u0131. Ayd\u0131n, sat\u0131n ald\u0131\u011f\u0131 4&#215;6 metre ebad\u0131ndaki Atat\u00fcrk posterini kep\u00e7esine monte ederek k\u00f6y giri\u015fine ast\u0131.<br \/>\n<br \/>Cumhuriyet Bayram\u0131 co\u015fkusunu ya\u015fad\u0131\u011f\u0131n\u0131 belirten Erdem Ayd\u0131n, &#8220;Atat\u00fcrk\u2019\u00fc \u00e7ok seviyorum. Bu anlaml\u0131 g\u00fcnde sevgimi g\u00f6stermek i\u00e7in ald\u0131\u011f\u0131m 4&#215;6 ebad\u0131ndaki Atat\u00fcrk posterini kep\u00e7eme monte ederek k\u00f6y giri\u015fine ast\u0131m. Gelip ge\u00e7en herkes taraf\u0131ndan g\u00f6r\u00fcl\u00fcyor. Bug\u00fcnlerimizi Atat\u00fcrk\u2019e bor\u00e7luyuz. Nice 102. Cumhuriyetler dilerim&#8221; dedi.<br \/>\n<br \/>Mahalle gen\u00e7leri de dev Atat\u00fcrk posterinin kep\u00e7eye yerle\u015ftirilmesine yard\u0131mc\u0131 oldu.<br \/><\/p>\n","protected":false},"excerpt":{"rendered":"<p>Manisa\u2019n\u0131n Sar\u0131g\u00f6l il\u00e7esi Dada\u011fl\u0131 Mahallesi\u2019nde kep\u00e7e operat\u00f6r\u00fc Erdem Ayd\u0131n, Cumhuriyetin kurulu\u015funun 102\u2019nci y\u0131l\u0131n\u0131 farkl\u0131 bir \u015fekilde kutlad\u0131. Ayd\u0131n, sat\u0131n ald\u0131\u011f\u0131 4&#215;6 metre ebad\u0131ndaki Atat\u00fcrk posterini kep\u00e7esine monte ederek k\u00f6y giri\u015fine ast\u0131. Cumhuriyet Bayram\u0131 co\u015fkusunu ya\u015fad\u0131\u011f\u0131n\u0131 belirten Erdem Ayd\u0131n, &#8220;Atat\u00fcrk\u2019\u00fc \u00e7ok seviyorum. Bu anlaml\u0131 g\u00fcnde sevgimi g\u00f6stermek i\u00e7in ald\u0131\u011f\u0131m 4&#215;6 ebad\u0131ndaki Atat\u00fcrk posterini kep\u00e7eme monte ederek&#8230;<\/p>\n","protected":false},"author":1,"featured_media":64615,"comment_status":"open","ping_status":"open","sticky":false,"template":"","format":"standard","meta":{"_crdt_document":"","footnotes":""},"categories":[1],"tags":[],"class_list":["post-64614","post","type-post","status-publish","format-standard","has-post-thumbnail","hentry","category-guncel"],"_links":{"self":[{"href":"https:\/\/www.egemtv.com\/index.php?rest_route=\/wp\/v2\/posts\/64614","targetHints":{"allow":["GET"]}}],"collection":[{"href":"https:\/\/www.egemtv.com\/index.php?rest_route=\/wp\/v2\/posts"}],"about":[{"href":"https:\/\/www.egemtv.com\/index.php?rest_route=\/wp\/v2\/types\/post"}],"author":[{"embeddable":true,"href":"https:\/\/www.egemtv.com\/index.php?rest_route=\/wp\/v2\/users\/1"}],"replies":[{"embeddable":true,"href":"https:\/\/www.egemtv.com\/index.php?rest_route=%2Fwp%2Fv2%2Fcomments&post=64614"}],"version-history":[{"count":1,"href":"https:\/\/www.egemtv.com\/index.php?rest_route=\/wp\/v2\/posts\/64614\/revisions"}],"predecessor-version":[{"id":64616,"href":"https:\/\/www.egemtv.com\/index.php?rest_route=\/wp\/v2\/posts\/64614\/revisions\/64616"}],"wp:featuredmedia":[{"embeddable":true,"href":"https:\/\/www.egemtv.com\/index.php?rest_route=\/wp\/v2\/media\/64615"}],"wp:attachment":[{"href":"https:\/\/www.egemtv.com\/index.php?rest_route=%2Fwp%2Fv2%2Fmedia&parent=64614"}],"wp:term":[{"taxonomy":"category","embeddable":true,"href":"https:\/\/www.egemtv.com\/index.php?rest_route=%2Fwp%2Fv2%2Fcategories&post=64614"},{"taxonomy":"post_tag","embeddable":true,"href":"https:\/\/www.egemtv.com\/index.php?rest_route=%2Fwp%2Fv2%2Ftags&post=64614"}],"curies":[{"name":"wp","href":"https:\/\/api.w.org\/{rel}","templated":true}]}}