{"id":64611,"date":"2025-10-29T14:36:03","date_gmt":"2025-10-29T11:36:03","guid":{"rendered":"https:\/\/www.egemtv.com\/?p=64611"},"modified":"2025-10-29T14:36:03","modified_gmt":"2025-10-29T11:36:03","slug":"pedallar-cumhuriyet-icin-cevrildi","status":"publish","type":"post","link":"https:\/\/www.egemtv.com\/?p=64611","title":{"rendered":"Pedallar cumhuriyet i\u00e7in \u00e7evrildi"},"content":{"rendered":"<p>Yunusemre Belediyesi, cumhuriyetimizin kurulu\u015funun 102. y\u0131ld\u00f6n\u00fcm\u00fc onuruna bisiklet turu d\u00fczenledi. Bisiklet turuna yakla\u015f\u0131k 150 bisikletsever kat\u0131ld\u0131.<br \/>\n<br \/>Yunusemre Belediyesi, cumhuriyetimizin 102. y\u0131l\u0131nda 102 kilometre bisiklet turu d\u00fczenledi. Cumhuriyet Bayram\u0131 co\u015fkusunu pedal \u00e7evirerek ya\u015famak isteyen yakla\u015f\u0131k 150 bisiklet sporcusu 100. Y\u0131l Meydan\u0131\u2019nda turun ba\u015flang\u0131\u00e7 noktas\u0131 olan 100. Y\u0131l Meydan\u0131\u2019nda bulu\u015ftu.<br \/>\n<br \/>Yunusemre Belediyesi\u2019nin ev sahipli\u011fi; Manisa B\u00fcy\u00fck\u015fehir Belediyesi, Manisa Bisiklet Platformu i\u015f birli\u011fiyle d\u00fczenlenen etkinlikte sporcular\u0131 kar\u015f\u0131layan Yunusemre Belediyesi Gen\u00e7lik ve Spor Hizmetleri M\u00fcd\u00fcr\u00fc G\u00f6khan \u00d6zak, kat\u0131l\u0131mc\u0131lara ba\u015far\u0131lar dileyerek turu ba\u015flatt\u0131. Sporcular; Ba\u011fyolu, Pa\u015fak\u00f6y ve Koldere g\u00fczergahlar\u0131nda mola vererek 102 kilometrelik parkuru ba\u015far\u0131yla tamamlad\u0131.<br \/><\/p>\n","protected":false},"excerpt":{"rendered":"<p>Yunusemre Belediyesi, cumhuriyetimizin kurulu\u015funun 102. y\u0131ld\u00f6n\u00fcm\u00fc onuruna bisiklet turu d\u00fczenledi. Bisiklet turuna yakla\u015f\u0131k 150 bisikletsever kat\u0131ld\u0131. Yunusemre Belediyesi, cumhuriyetimizin 102. y\u0131l\u0131nda 102 kilometre bisiklet turu d\u00fczenledi. Cumhuriyet Bayram\u0131 co\u015fkusunu pedal \u00e7evirerek ya\u015famak isteyen yakla\u015f\u0131k 150 bisiklet sporcusu 100. Y\u0131l Meydan\u0131\u2019nda turun ba\u015flang\u0131\u00e7 noktas\u0131 olan 100. Y\u0131l Meydan\u0131\u2019nda bulu\u015ftu. Yunusemre Belediyesi\u2019nin ev sahipli\u011fi; Manisa B\u00fcy\u00fck\u015fehir Belediyesi,&#8230;<\/p>\n","protected":false},"author":1,"featured_media":64612,"comment_status":"open","ping_status":"open","sticky":false,"template":"","format":"standard","meta":{"_crdt_document":"","footnotes":""},"categories":[4],"tags":[],"class_list":["post-64611","post","type-post","status-publish","format-standard","has-post-thumbnail","hentry","category-spor"],"_links":{"self":[{"href":"https:\/\/www.egemtv.com\/index.php?rest_route=\/wp\/v2\/posts\/64611","targetHints":{"allow":["GET"]}}],"collection":[{"href":"https:\/\/www.egemtv.com\/index.php?rest_route=\/wp\/v2\/posts"}],"about":[{"href":"https:\/\/www.egemtv.com\/index.php?rest_route=\/wp\/v2\/types\/post"}],"author":[{"embeddable":true,"href":"https:\/\/www.egemtv.com\/index.php?rest_route=\/wp\/v2\/users\/1"}],"replies":[{"embeddable":true,"href":"https:\/\/www.egemtv.com\/index.php?rest_route=%2Fwp%2Fv2%2Fcomments&post=64611"}],"version-history":[{"count":1,"href":"https:\/\/www.egemtv.com\/index.php?rest_route=\/wp\/v2\/posts\/64611\/revisions"}],"predecessor-version":[{"id":64613,"href":"https:\/\/www.egemtv.com\/index.php?rest_route=\/wp\/v2\/posts\/64611\/revisions\/64613"}],"wp:featuredmedia":[{"embeddable":true,"href":"https:\/\/www.egemtv.com\/index.php?rest_route=\/wp\/v2\/media\/64612"}],"wp:attachment":[{"href":"https:\/\/www.egemtv.com\/index.php?rest_route=%2Fwp%2Fv2%2Fmedia&parent=64611"}],"wp:term":[{"taxonomy":"category","embeddable":true,"href":"https:\/\/www.egemtv.com\/index.php?rest_route=%2Fwp%2Fv2%2Fcategories&post=64611"},{"taxonomy":"post_tag","embeddable":true,"href":"https:\/\/www.egemtv.com\/index.php?rest_route=%2Fwp%2Fv2%2Ftags&post=64611"}],"curies":[{"name":"wp","href":"https:\/\/api.w.org\/{rel}","templated":true}]}}