{"id":64608,"date":"2025-10-29T14:36:02","date_gmt":"2025-10-29T11:36:02","guid":{"rendered":"https:\/\/www.egemtv.com\/?p=64608"},"modified":"2025-10-29T14:36:03","modified_gmt":"2025-10-29T11:36:03","slug":"aydinda-gencler-cumhuriyet-icin-yurudu","status":"publish","type":"post","link":"https:\/\/www.egemtv.com\/?p=64608","title":{"rendered":"Ayd\u0131n\u2019da gen\u00e7ler \u2019Cumhuriyet\u2019 i\u00e7in y\u00fcr\u00fcd\u00fc"},"content":{"rendered":"<p>Ayd\u0131n Gen\u00e7lik ve Spor \u0130l M\u00fcd\u00fcrl\u00fc\u011f\u00fc \u00f6nc\u00fcl\u00fc\u011f\u00fcnde, g\u00f6n\u00fcll\u00fc gen\u00e7ler 29 Ekim Cumhuriyet Bayram\u0131\u2019n\u0131n 102. y\u0131l\u0131n\u0131 Ko\u00e7arl\u0131\u2019da d\u00fczenlenen y\u00fcr\u00fcy\u00fc\u015f ile kutlad\u0131.<\/p>\n<p>Cumhuriyetin 102. y\u0131l\u0131 kapsam\u0131nda Ayd\u0131n Gen\u00e7lik ve Spor \u0130l M\u00fcd\u00fcrl\u00fc\u011f\u00fc taraf\u0131ndan Ko\u00e7arl\u0131 il\u00e7esinde kortej y\u00fcr\u00fcy\u00fc\u015f\u00fc ger\u00e7ekle\u015ftirildi. G\u00f6n\u00fcll\u00fc gen\u00e7ler T\u00fcrk bayraklar\u0131yla Cumhuriyet co\u015fkusunu ya\u015fatt\u0131. Gen\u00e7lerin b\u00fcy\u00fck bir kat\u0131l\u0131m g\u00f6sterdi\u011fi y\u00fcr\u00fcy\u00fc\u015f, do\u011fa ile i\u00e7 i\u00e7e bir g\u00fczergahta ger\u00e7ekle\u015fti. Gen\u00e7ler ellerinde T\u00fcrk bayraklar\u0131yla y\u00fcr\u00fcyerek &#8220;Ya\u015fas\u0131n Cumhuriyet&#8221; sloganlar\u0131 att\u0131. Etkinlik boyunca milli birlik ve beraberlik duygusuna dikakt \u00e7ekildi. Ayd\u0131n Gen\u00e7lik ve Spor \u0130l M\u00fcd\u00fcrl\u00fc\u011f\u00fc\u2019nden Cumhuriyet\u2019in de\u011ferlerini ya\u015fatmak ve gen\u00e7lerde milli bilinci g\u00fc\u00e7lendirmek amac\u0131yla benzer etkinliklerin y\u0131l boyunca devam edece\u011fi vurgulanarak yap\u0131lan a\u00e7\u0131klamada &#8220;G\u00f6n\u00fcll\u00fc gen\u00e7lerimizle birlikte 29 Ekim Cumhuriyet Bayram\u0131 co\u015fkusunu ya\u015fatmak i\u00e7in Ko\u00e7arl\u0131 il\u00e7emizde kortej y\u00fcr\u00fcy\u00fc\u015f\u00fc ger\u00e7ekle\u015ftirdik. Cumhuriyetimizin 102. y\u0131l\u0131nda ayn\u0131 heyecan ve gururla&#8221; ifadeleri yer ald\u0131.<br \/><\/p>\n","protected":false},"excerpt":{"rendered":"<p>Ayd\u0131n Gen\u00e7lik ve Spor \u0130l M\u00fcd\u00fcrl\u00fc\u011f\u00fc \u00f6nc\u00fcl\u00fc\u011f\u00fcnde, g\u00f6n\u00fcll\u00fc gen\u00e7ler 29 Ekim Cumhuriyet Bayram\u0131\u2019n\u0131n 102. y\u0131l\u0131n\u0131 Ko\u00e7arl\u0131\u2019da d\u00fczenlenen y\u00fcr\u00fcy\u00fc\u015f ile kutlad\u0131. Cumhuriyetin 102. y\u0131l\u0131 kapsam\u0131nda Ayd\u0131n Gen\u00e7lik ve Spor \u0130l M\u00fcd\u00fcrl\u00fc\u011f\u00fc taraf\u0131ndan Ko\u00e7arl\u0131 il\u00e7esinde kortej y\u00fcr\u00fcy\u00fc\u015f\u00fc ger\u00e7ekle\u015ftirildi. G\u00f6n\u00fcll\u00fc gen\u00e7ler T\u00fcrk bayraklar\u0131yla Cumhuriyet co\u015fkusunu ya\u015fatt\u0131. Gen\u00e7lerin b\u00fcy\u00fck bir kat\u0131l\u0131m g\u00f6sterdi\u011fi y\u00fcr\u00fcy\u00fc\u015f, do\u011fa ile i\u00e7 i\u00e7e bir g\u00fczergahta&#8230;<\/p>\n","protected":false},"author":1,"featured_media":64609,"comment_status":"open","ping_status":"open","sticky":false,"template":"","format":"standard","meta":{"_crdt_document":"","footnotes":""},"categories":[1],"tags":[],"class_list":["post-64608","post","type-post","status-publish","format-standard","has-post-thumbnail","hentry","category-guncel"],"_links":{"self":[{"href":"https:\/\/www.egemtv.com\/index.php?rest_route=\/wp\/v2\/posts\/64608","targetHints":{"allow":["GET"]}}],"collection":[{"href":"https:\/\/www.egemtv.com\/index.php?rest_route=\/wp\/v2\/posts"}],"about":[{"href":"https:\/\/www.egemtv.com\/index.php?rest_route=\/wp\/v2\/types\/post"}],"author":[{"embeddable":true,"href":"https:\/\/www.egemtv.com\/index.php?rest_route=\/wp\/v2\/users\/1"}],"replies":[{"embeddable":true,"href":"https:\/\/www.egemtv.com\/index.php?rest_route=%2Fwp%2Fv2%2Fcomments&post=64608"}],"version-history":[{"count":1,"href":"https:\/\/www.egemtv.com\/index.php?rest_route=\/wp\/v2\/posts\/64608\/revisions"}],"predecessor-version":[{"id":64610,"href":"https:\/\/www.egemtv.com\/index.php?rest_route=\/wp\/v2\/posts\/64608\/revisions\/64610"}],"wp:featuredmedia":[{"embeddable":true,"href":"https:\/\/www.egemtv.com\/index.php?rest_route=\/wp\/v2\/media\/64609"}],"wp:attachment":[{"href":"https:\/\/www.egemtv.com\/index.php?rest_route=%2Fwp%2Fv2%2Fmedia&parent=64608"}],"wp:term":[{"taxonomy":"category","embeddable":true,"href":"https:\/\/www.egemtv.com\/index.php?rest_route=%2Fwp%2Fv2%2Fcategories&post=64608"},{"taxonomy":"post_tag","embeddable":true,"href":"https:\/\/www.egemtv.com\/index.php?rest_route=%2Fwp%2Fv2%2Ftags&post=64608"}],"curies":[{"name":"wp","href":"https:\/\/api.w.org\/{rel}","templated":true}]}}