{"id":64605,"date":"2025-10-29T14:36:01","date_gmt":"2025-10-29T11:36:01","guid":{"rendered":"https:\/\/www.egemtv.com\/?p=64605"},"modified":"2025-10-29T14:36:02","modified_gmt":"2025-10-29T11:36:02","slug":"sahne-tozu-tiyatrosu-21-yilini-haldun-dormen-sahnesinde-kutladi","status":"publish","type":"post","link":"https:\/\/www.egemtv.com\/?p=64605","title":{"rendered":"Sahne Tozu Tiyatrosu 21. y\u0131l\u0131n\u0131 Haldun Dormen Sahnesi\u2019nde kutlad\u0131"},"content":{"rendered":"<p>Sahne Tozu Tiyatrosu, kurulu\u015funun 21. y\u0131l\u0131n\u0131 Haldun Dormen Sahnesi\u2019nde d\u00fczenlenen \u00f6zel bir etkinlikle kutlad\u0131.<br \/>\n<br \/>Sahne Tozu Tiyatrosu oyuncular\u0131ndan \u00d6zer Kaya, Gamze Aksoy ve Onat Eser\u2019in yapt\u0131\u011f\u0131 a\u00e7\u0131l\u0131\u015f konu\u015fmalar\u0131yla ba\u015flayan programda ard\u0131ndan Sahne Tozu Tiyatrosu Kurucusu ve Genel Sanat Y\u00f6netmeni \u00c7a\u011flar \u0130\u015fg\u00f6ren sahneye \u00e7\u0131karak, kurdu\u011fu Sahne Tozu Tiyatrosu\u2019nun 21. y\u0131l\u0131na girmesinin kendisi i\u00e7in ta\u015f\u0131d\u0131\u011f\u0131 anlam\u0131 payla\u015ft\u0131. \u0130\u015fg\u00f6ren, &#8220;20 y\u0131l\u0131 geride b\u0131rakt\u0131k. Bu s\u00fcre\u00e7te ini\u015fler ve \u00e7\u0131k\u0131\u015flar ya\u015fad\u0131k. G\u00fcn geldi b\u00fcy\u00fck alk\u0131\u015flarla seyircilerimizi selamlad\u0131k, g\u00fcn geldi ba\u015far\u0131s\u0131zl\u0131klarla y\u00fczle\u015ftik. Ama her zaman yan\u0131m\u0131zda olan \u0130zmir halk\u0131na g\u00f6n\u00fclden te\u015fekk\u00fcr ediyorum&#8221; dedi.<br \/>\n<br \/>\u0130\u015fg\u00f6ren, tiyatronun kurulu\u015fundan bug\u00fcne eme\u011fi ge\u00e7en isimleri sayarak, &#8220;En ba\u015f\u0131ndan beri yan\u0131mda olan, bundan y\u0131llar \u00f6nce bana \u0131\u015f\u0131k tutan Say\u0131n Haldun Dormen\u2019e, tiyatromuzun annesi G\u00f6ksel Kortay\u2019a ve de\u011ferli hocam\u0131z Sel\u00e7uk Y\u00f6ntem\u2019e te\u015fekk\u00fcr ediyorum&#8221; ifadelerini kulland\u0131.<br \/>\n<br \/>\u0130\u015fg\u00f6ren, tiyatronun yeni uluslararas\u0131 projesinden bahsederek, Yunanistan, \u0130ngiltere, Almanya ve \u0130talya\u2019n\u0131n bu projede yer alaca\u011f\u0131n\u0131 duyurdu. \u0130\u015fg\u00f6ren, bu sene ilk kez verilen Sahne Tozu Tiyatrosu Art Bridge \u00d6d\u00fcl\u00fc\u2019n\u00fc ise Yunan sanat\u00e7\u0131 Sofia Kapsourou\u2019ya takdim etti. \u00d6d\u00fcl\u00fcn\u00fc al\u0131rken duygusal anlar ya\u015fayan Sofia Kapsourou, T\u00fcrkiye\u2019de ve \u00f6zellikle Sahne Tozu Tiyatrosu\u2019nda olmaktan b\u00fcy\u00fck mutluluk duydu\u011funu belirterek, &#8220;\u00c7a\u011flar \u0130\u015fg\u00f6ren ve Sahne Tozu Tiyatrosu\u2019nun yapt\u0131klar\u0131na tan\u0131k olmak benim i\u00e7in b\u00fcy\u00fck bir onur. Ortak projelerde yer alacak olmaktan \u00e7ok mutluyum&#8221; dedi.<br \/>\n<br \/>Programda ayr\u0131ca Sahne Tozu Tiyatrosu Actor Club Onursal ba\u015fkanlar\u0131ndan K\u00f6kten Ula\u015f Birant da bir konu\u015fma yapt\u0131. Birant, Sahne Tozu\u2019nun T\u00fcrk tiyatrosundaki yeri ve \u0130zmir\u2019de olu\u015fturdu\u011fu sanat k\u00fclt\u00fcr\u00fcne vurgu yapt\u0131.<br \/>\n<br \/>Programa Sahne Tozu Tiyatrosu oyuncular\u0131, Actor Club \u00fcyeleri ve tiyatro d\u00fcnyas\u0131ndan de\u011ferli isimler kat\u0131ld\u0131.<br \/><\/p>\n","protected":false},"excerpt":{"rendered":"<p>Sahne Tozu Tiyatrosu, kurulu\u015funun 21. y\u0131l\u0131n\u0131 Haldun Dormen Sahnesi\u2019nde d\u00fczenlenen \u00f6zel bir etkinlikle kutlad\u0131. Sahne Tozu Tiyatrosu oyuncular\u0131ndan \u00d6zer Kaya, Gamze Aksoy ve Onat Eser\u2019in yapt\u0131\u011f\u0131 a\u00e7\u0131l\u0131\u015f konu\u015fmalar\u0131yla ba\u015flayan programda ard\u0131ndan Sahne Tozu Tiyatrosu Kurucusu ve Genel Sanat Y\u00f6netmeni \u00c7a\u011flar \u0130\u015fg\u00f6ren sahneye \u00e7\u0131karak, kurdu\u011fu Sahne Tozu Tiyatrosu\u2019nun 21. y\u0131l\u0131na girmesinin kendisi i\u00e7in ta\u015f\u0131d\u0131\u011f\u0131 anlam\u0131 payla\u015ft\u0131&#8230;.<\/p>\n","protected":false},"author":1,"featured_media":64606,"comment_status":"open","ping_status":"open","sticky":false,"template":"","format":"standard","meta":{"_crdt_document":"","footnotes":""},"categories":[1],"tags":[],"class_list":["post-64605","post","type-post","status-publish","format-standard","has-post-thumbnail","hentry","category-guncel"],"_links":{"self":[{"href":"https:\/\/www.egemtv.com\/index.php?rest_route=\/wp\/v2\/posts\/64605","targetHints":{"allow":["GET"]}}],"collection":[{"href":"https:\/\/www.egemtv.com\/index.php?rest_route=\/wp\/v2\/posts"}],"about":[{"href":"https:\/\/www.egemtv.com\/index.php?rest_route=\/wp\/v2\/types\/post"}],"author":[{"embeddable":true,"href":"https:\/\/www.egemtv.com\/index.php?rest_route=\/wp\/v2\/users\/1"}],"replies":[{"embeddable":true,"href":"https:\/\/www.egemtv.com\/index.php?rest_route=%2Fwp%2Fv2%2Fcomments&post=64605"}],"version-history":[{"count":1,"href":"https:\/\/www.egemtv.com\/index.php?rest_route=\/wp\/v2\/posts\/64605\/revisions"}],"predecessor-version":[{"id":64607,"href":"https:\/\/www.egemtv.com\/index.php?rest_route=\/wp\/v2\/posts\/64605\/revisions\/64607"}],"wp:featuredmedia":[{"embeddable":true,"href":"https:\/\/www.egemtv.com\/index.php?rest_route=\/wp\/v2\/media\/64606"}],"wp:attachment":[{"href":"https:\/\/www.egemtv.com\/index.php?rest_route=%2Fwp%2Fv2%2Fmedia&parent=64605"}],"wp:term":[{"taxonomy":"category","embeddable":true,"href":"https:\/\/www.egemtv.com\/index.php?rest_route=%2Fwp%2Fv2%2Fcategories&post=64605"},{"taxonomy":"post_tag","embeddable":true,"href":"https:\/\/www.egemtv.com\/index.php?rest_route=%2Fwp%2Fv2%2Ftags&post=64605"}],"curies":[{"name":"wp","href":"https:\/\/api.w.org\/{rel}","templated":true}]}}