{"id":64602,"date":"2025-10-29T14:15:27","date_gmt":"2025-10-29T11:15:27","guid":{"rendered":"https:\/\/www.egemtv.com\/?p=64602"},"modified":"2025-10-29T14:15:27","modified_gmt":"2025-10-29T11:15:27","slug":"hisarcikta-basarili-ogrenciler-odullendirildi","status":"publish","type":"post","link":"https:\/\/www.egemtv.com\/?p=64602","title":{"rendered":"Hisarc\u0131k\u2019ta ba\u015far\u0131l\u0131 \u00f6\u011frenciler \u00f6d\u00fcllendirildi"},"content":{"rendered":"<p>K\u00fctahya\u2019n\u0131n Hisarc\u0131k il\u00e7esinde Cumhuriyet Bayram\u0131 etkinlikleri \u00e7er\u00e7evesinde d\u00fczenlenen yar\u0131\u015fmalarda dereceye giren \u00f6\u011frenciler \u00f6d\u00fcllendirildi.<br \/>\n<br \/>Kapal\u0131 pazar yerinde d\u00fczenlenen 29 Ekim Cumhuriyet Bayram\u0131 t\u00f6renleri sonunda Kaymakam Erkan Atam, Belediye Ba\u015fkan\u0131 Mustafa Demirta\u015f, Meslek Y\u00fcksek Okulu M\u00fcd\u00fcr\u00fc Burak Kavaslar ve \u0130l\u00e7e Emniyet Amiri Ayhan Ist\u0131k taraf\u0131ndan 29 Ekim Cumhuriyet Bayram\u0131 etkinlikleri \u00e7er\u00e7evesinde d\u00fczenlenen &#8220;Cumhuriyet ve Y\u00fckselen T\u00fcrkiye&#8221; temal\u0131 \u0130lkokullar aras\u0131 resim, ortaokullar aras\u0131 \u015fiir ve liseler aras\u0131 kompozisyon yar\u0131\u015fmalar\u0131 ile ilk ve ortaokullar aras\u0131 zeka oyunlar\u0131 turnuvalar\u0131nda dereceye giren \u00f6\u011frenciler \u00f6d\u00fcllendirildi.<br \/><\/p>\n","protected":false},"excerpt":{"rendered":"<p>K\u00fctahya\u2019n\u0131n Hisarc\u0131k il\u00e7esinde Cumhuriyet Bayram\u0131 etkinlikleri \u00e7er\u00e7evesinde d\u00fczenlenen yar\u0131\u015fmalarda dereceye giren \u00f6\u011frenciler \u00f6d\u00fcllendirildi. Kapal\u0131 pazar yerinde d\u00fczenlenen 29 Ekim Cumhuriyet Bayram\u0131 t\u00f6renleri sonunda Kaymakam Erkan Atam, Belediye Ba\u015fkan\u0131 Mustafa Demirta\u015f, Meslek Y\u00fcksek Okulu M\u00fcd\u00fcr\u00fc Burak Kavaslar ve \u0130l\u00e7e Emniyet Amiri Ayhan Ist\u0131k taraf\u0131ndan 29 Ekim Cumhuriyet Bayram\u0131 etkinlikleri \u00e7er\u00e7evesinde d\u00fczenlenen &#8220;Cumhuriyet ve Y\u00fckselen T\u00fcrkiye&#8221; temal\u0131&#8230;<\/p>\n","protected":false},"author":1,"featured_media":64603,"comment_status":"open","ping_status":"open","sticky":false,"template":"","format":"standard","meta":{"_crdt_document":"","footnotes":""},"categories":[123],"tags":[],"class_list":["post-64602","post","type-post","status-publish","format-standard","has-post-thumbnail","hentry","category-gundem"],"_links":{"self":[{"href":"https:\/\/www.egemtv.com\/index.php?rest_route=\/wp\/v2\/posts\/64602","targetHints":{"allow":["GET"]}}],"collection":[{"href":"https:\/\/www.egemtv.com\/index.php?rest_route=\/wp\/v2\/posts"}],"about":[{"href":"https:\/\/www.egemtv.com\/index.php?rest_route=\/wp\/v2\/types\/post"}],"author":[{"embeddable":true,"href":"https:\/\/www.egemtv.com\/index.php?rest_route=\/wp\/v2\/users\/1"}],"replies":[{"embeddable":true,"href":"https:\/\/www.egemtv.com\/index.php?rest_route=%2Fwp%2Fv2%2Fcomments&post=64602"}],"version-history":[{"count":1,"href":"https:\/\/www.egemtv.com\/index.php?rest_route=\/wp\/v2\/posts\/64602\/revisions"}],"predecessor-version":[{"id":64604,"href":"https:\/\/www.egemtv.com\/index.php?rest_route=\/wp\/v2\/posts\/64602\/revisions\/64604"}],"wp:featuredmedia":[{"embeddable":true,"href":"https:\/\/www.egemtv.com\/index.php?rest_route=\/wp\/v2\/media\/64603"}],"wp:attachment":[{"href":"https:\/\/www.egemtv.com\/index.php?rest_route=%2Fwp%2Fv2%2Fmedia&parent=64602"}],"wp:term":[{"taxonomy":"category","embeddable":true,"href":"https:\/\/www.egemtv.com\/index.php?rest_route=%2Fwp%2Fv2%2Fcategories&post=64602"},{"taxonomy":"post_tag","embeddable":true,"href":"https:\/\/www.egemtv.com\/index.php?rest_route=%2Fwp%2Fv2%2Ftags&post=64602"}],"curies":[{"name":"wp","href":"https:\/\/api.w.org\/{rel}","templated":true}]}}