{"id":64599,"date":"2025-10-29T14:15:26","date_gmt":"2025-10-29T11:15:26","guid":{"rendered":"https:\/\/www.egemtv.com\/?p=64599"},"modified":"2025-10-29T14:15:26","modified_gmt":"2025-10-29T11:15:26","slug":"il-saglik-mudurlugu-voleybol-takimi-aydinda-sampiyon-oldu","status":"publish","type":"post","link":"https:\/\/www.egemtv.com\/?p=64599","title":{"rendered":"\u0130l Sa\u011fl\u0131k M\u00fcd\u00fcrl\u00fc\u011f\u00fc Voleybol Tak\u0131m\u0131 Ayd\u0131n\u2019da \u015fampiyon oldu"},"content":{"rendered":"<p>Gen\u00e7lik ve Spor Bakanl\u0131\u011f\u0131 himayelerinde, Ayd\u0131n Gen\u00e7lik ve Spor \u0130l M\u00fcd\u00fcrl\u00fc\u011f\u00fc koordinesinde kamu \u00e7al\u0131\u015fanlar\u0131na y\u00f6nelik \u2019Gelin Sporda Bulu\u015fal\u0131m\u2019 slogan\u0131yla bu y\u0131l \u00fc\u00e7\u00fcnc\u00fcs\u00fc d\u00fczenlenen Kamu Spor Oyunlar\u0131\u2019nda \u0130l Sa\u011fl\u0131k M\u00fcd\u00fcrl\u00fc\u011f\u00fc Voleybol Tak\u0131m\u0131 \u015fampiyonluk kupas\u0131n\u0131n sahibi oldu.<\/p>\n<p>Final ma\u00e7\u0131nda K\u00f6\u015fk \u0130l\u00e7e Milli E\u011fitim M\u00fcd\u00fcrl\u00fc\u011f\u00fc ile kar\u015f\u0131la\u015fan \u0130l Sa\u011fl\u0131k M\u00fcd\u00fcrl\u00fc\u011f\u00fc ekibi, \u00fcst\u00fcn performans sergileyerek rakibini ma\u011flup etti ve turnuvay\u0131 birincilikle tamamlad\u0131. Turnuvada K\u00f6\u015fk \u0130l\u00e7e Milli E\u011fitim M\u00fcd\u00fcrl\u00fc\u011f\u00fc ikinci, Ayd\u0131n Aile ve Sosyal Politikalar \u0130l M\u00fcd\u00fcrl\u00fc\u011f\u00fc \u00fc\u00e7\u00fcnc\u00fc, \u0130l Gen\u00e7lik ve Spor M\u00fcd\u00fcrl\u00fc\u011f\u00fc ise d\u00f6rd\u00fcnc\u00fc s\u0131rada yer ald\u0131. \u0130l Sa\u011fl\u0131k M\u00fcd\u00fcr\u00fc Dr. Eser \u015eenkul, turnuva boyunca b\u00fcy\u00fck bir \u00f6zveriyle m\u00fccadele eden tak\u0131m \u00fcyelerini tebrik ederek, Manisa\u2019da ger\u00e7ekle\u015ftirilecek B\u00f6lge \u015eampiyonas\u0131\u2019nda da ba\u015far\u0131lar\u0131n\u0131n devam\u0131n\u0131 diledi.<br \/><\/p>\n","protected":false},"excerpt":{"rendered":"<p>Gen\u00e7lik ve Spor Bakanl\u0131\u011f\u0131 himayelerinde, Ayd\u0131n Gen\u00e7lik ve Spor \u0130l M\u00fcd\u00fcrl\u00fc\u011f\u00fc koordinesinde kamu \u00e7al\u0131\u015fanlar\u0131na y\u00f6nelik \u2019Gelin Sporda Bulu\u015fal\u0131m\u2019 slogan\u0131yla bu y\u0131l \u00fc\u00e7\u00fcnc\u00fcs\u00fc d\u00fczenlenen Kamu Spor Oyunlar\u0131\u2019nda \u0130l Sa\u011fl\u0131k M\u00fcd\u00fcrl\u00fc\u011f\u00fc Voleybol Tak\u0131m\u0131 \u015fampiyonluk kupas\u0131n\u0131n sahibi oldu. Final ma\u00e7\u0131nda K\u00f6\u015fk \u0130l\u00e7e Milli E\u011fitim M\u00fcd\u00fcrl\u00fc\u011f\u00fc ile kar\u015f\u0131la\u015fan \u0130l Sa\u011fl\u0131k M\u00fcd\u00fcrl\u00fc\u011f\u00fc ekibi, \u00fcst\u00fcn performans sergileyerek rakibini ma\u011flup etti ve&#8230;<\/p>\n","protected":false},"author":1,"featured_media":64600,"comment_status":"open","ping_status":"open","sticky":false,"template":"","format":"standard","meta":{"_crdt_document":"","footnotes":""},"categories":[4],"tags":[],"class_list":["post-64599","post","type-post","status-publish","format-standard","has-post-thumbnail","hentry","category-spor"],"_links":{"self":[{"href":"https:\/\/www.egemtv.com\/index.php?rest_route=\/wp\/v2\/posts\/64599","targetHints":{"allow":["GET"]}}],"collection":[{"href":"https:\/\/www.egemtv.com\/index.php?rest_route=\/wp\/v2\/posts"}],"about":[{"href":"https:\/\/www.egemtv.com\/index.php?rest_route=\/wp\/v2\/types\/post"}],"author":[{"embeddable":true,"href":"https:\/\/www.egemtv.com\/index.php?rest_route=\/wp\/v2\/users\/1"}],"replies":[{"embeddable":true,"href":"https:\/\/www.egemtv.com\/index.php?rest_route=%2Fwp%2Fv2%2Fcomments&post=64599"}],"version-history":[{"count":1,"href":"https:\/\/www.egemtv.com\/index.php?rest_route=\/wp\/v2\/posts\/64599\/revisions"}],"predecessor-version":[{"id":64601,"href":"https:\/\/www.egemtv.com\/index.php?rest_route=\/wp\/v2\/posts\/64599\/revisions\/64601"}],"wp:featuredmedia":[{"embeddable":true,"href":"https:\/\/www.egemtv.com\/index.php?rest_route=\/wp\/v2\/media\/64600"}],"wp:attachment":[{"href":"https:\/\/www.egemtv.com\/index.php?rest_route=%2Fwp%2Fv2%2Fmedia&parent=64599"}],"wp:term":[{"taxonomy":"category","embeddable":true,"href":"https:\/\/www.egemtv.com\/index.php?rest_route=%2Fwp%2Fv2%2Fcategories&post=64599"},{"taxonomy":"post_tag","embeddable":true,"href":"https:\/\/www.egemtv.com\/index.php?rest_route=%2Fwp%2Fv2%2Ftags&post=64599"}],"curies":[{"name":"wp","href":"https:\/\/api.w.org\/{rel}","templated":true}]}}