{"id":64596,"date":"2025-10-29T14:15:25","date_gmt":"2025-10-29T11:15:25","guid":{"rendered":"https:\/\/www.egemtv.com\/?p=64596"},"modified":"2025-10-29T14:15:26","modified_gmt":"2025-10-29T11:15:26","slug":"afyonkarahisarda-29-ekim-coskusu","status":"publish","type":"post","link":"https:\/\/www.egemtv.com\/?p=64596","title":{"rendered":"Afyonkarahisar\u2019da 29 Ekim co\u015fkusu"},"content":{"rendered":"<p>Afyonkarahisar\u2019da 29 Ekim Cumhuriyet Bayram\u0131 ger\u00e7ekle\u015ftirilen t\u00f6renle co\u015fku i\u00e7erisinde kutland\u0131.<br \/>\n<br \/>Kentte kutlama t\u00f6reni Zafer Kent Meydan\u0131nda yap\u0131ld\u0131. T\u00f6ren Vali Do\u00e7. Dr. K\u00fcbra G\u00fcran Yi\u011fitba\u015f\u0131, Belediye Ba\u015fkan\u0131 Burcu K\u00f6ksal ve \u0130kmal ve Garnizon Komutan\u0131 Tu\u011fgeneral Dr. Yal\u00e7\u0131n Tecimer\u2019in t\u00f6ren arac\u0131 \u00fczerinde vatanda\u015flar\u0131 selamlamas\u0131 ile ba\u015flad\u0131. Kutlama t\u00f6reni daha sonra Vali Yi\u011fitba\u015f\u0131\u2019n\u0131n konu\u015fmas\u0131 ile devam etti. Vali Yi\u011fitba\u015f\u0131 konu\u015fmas\u0131nda, &#8220;Cumhuriyetin 102. kurulu\u015f y\u0131l d\u00f6n\u00fcm\u00fcn\u00fc, destanlar\u0131n yaz\u0131ld\u0131\u011f\u0131 bu kadim \u015fehirde, Afyonkarahisar\u2019\u0131n kahraman ve vefal\u0131 evlatlar\u0131yla birlikte kutluyor olman\u0131n tarifsiz gururunu ve e\u015fsiz co\u015fkusunu ya\u015f\u0131yoruz. G\u00f6n\u00fcl co\u011frafyam\u0131z\u0131n geni\u015f s\u0131n\u0131rlar\u0131nda h\u00fck\u00fcm s\u00fcrm\u00fc\u015f devletlerimizin kurulmas\u0131nda, ya\u015fat\u0131lmas\u0131nda, tarihe silinmez izler b\u0131rakmas\u0131nda rol alm\u0131\u015f kahramanlar\u0131m\u0131z\u0131n her birini kemal-i edeple and\u0131\u011f\u0131n\u0131 kaydeden Yi\u011fitba\u015f\u0131, &#8220;Anadolu topraklar\u0131nda Sel\u00e7uklu\u2019dan Osmanl\u0131\u2019ya ve nihayet Cumhuriyet\u2019e uzanan devletlerimizin miras\u0131 olan ba\u011f\u0131ms\u0131z, g\u00fc\u00e7l\u00fc, onurlu, m\u00fcreffeh T\u00fcrkiye\u2019yi ilelebet payidar k\u0131lmakta kararl\u0131y\u0131z&#8221; dedi.<br \/>\n<br \/>Kutlama t\u00f6reni daha sonra \u00f6\u011frenciler taraf\u0131ndan haz\u0131rlanan g\u00f6steriler ile mehteran tak\u0131m\u0131 konseri ile devam etti. Etkinlik 29 Ekim Cumhuriyet Bayram\u0131 dolay\u0131s\u0131yla ger\u00e7ekle\u015ftirilen resim, \u015fiir ve kompozisyon alan\u0131nda dereceye girenlere \u00f6d\u00fcllerinin verilmesinin ard\u0131ndan sona erdi.<br \/><\/p>\n","protected":false},"excerpt":{"rendered":"<p>Afyonkarahisar\u2019da 29 Ekim Cumhuriyet Bayram\u0131 ger\u00e7ekle\u015ftirilen t\u00f6renle co\u015fku i\u00e7erisinde kutland\u0131. Kentte kutlama t\u00f6reni Zafer Kent Meydan\u0131nda yap\u0131ld\u0131. T\u00f6ren Vali Do\u00e7. Dr. K\u00fcbra G\u00fcran Yi\u011fitba\u015f\u0131, Belediye Ba\u015fkan\u0131 Burcu K\u00f6ksal ve \u0130kmal ve Garnizon Komutan\u0131 Tu\u011fgeneral Dr. Yal\u00e7\u0131n Tecimer\u2019in t\u00f6ren arac\u0131 \u00fczerinde vatanda\u015flar\u0131 selamlamas\u0131 ile ba\u015flad\u0131. Kutlama t\u00f6reni daha sonra Vali Yi\u011fitba\u015f\u0131\u2019n\u0131n konu\u015fmas\u0131 ile devam etti. Vali&#8230;<\/p>\n","protected":false},"author":1,"featured_media":64597,"comment_status":"open","ping_status":"open","sticky":false,"template":"","format":"standard","meta":{"_crdt_document":"","footnotes":""},"categories":[1],"tags":[],"class_list":["post-64596","post","type-post","status-publish","format-standard","has-post-thumbnail","hentry","category-guncel"],"_links":{"self":[{"href":"https:\/\/www.egemtv.com\/index.php?rest_route=\/wp\/v2\/posts\/64596","targetHints":{"allow":["GET"]}}],"collection":[{"href":"https:\/\/www.egemtv.com\/index.php?rest_route=\/wp\/v2\/posts"}],"about":[{"href":"https:\/\/www.egemtv.com\/index.php?rest_route=\/wp\/v2\/types\/post"}],"author":[{"embeddable":true,"href":"https:\/\/www.egemtv.com\/index.php?rest_route=\/wp\/v2\/users\/1"}],"replies":[{"embeddable":true,"href":"https:\/\/www.egemtv.com\/index.php?rest_route=%2Fwp%2Fv2%2Fcomments&post=64596"}],"version-history":[{"count":1,"href":"https:\/\/www.egemtv.com\/index.php?rest_route=\/wp\/v2\/posts\/64596\/revisions"}],"predecessor-version":[{"id":64598,"href":"https:\/\/www.egemtv.com\/index.php?rest_route=\/wp\/v2\/posts\/64596\/revisions\/64598"}],"wp:featuredmedia":[{"embeddable":true,"href":"https:\/\/www.egemtv.com\/index.php?rest_route=\/wp\/v2\/media\/64597"}],"wp:attachment":[{"href":"https:\/\/www.egemtv.com\/index.php?rest_route=%2Fwp%2Fv2%2Fmedia&parent=64596"}],"wp:term":[{"taxonomy":"category","embeddable":true,"href":"https:\/\/www.egemtv.com\/index.php?rest_route=%2Fwp%2Fv2%2Fcategories&post=64596"},{"taxonomy":"post_tag","embeddable":true,"href":"https:\/\/www.egemtv.com\/index.php?rest_route=%2Fwp%2Fv2%2Ftags&post=64596"}],"curies":[{"name":"wp","href":"https:\/\/api.w.org\/{rel}","templated":true}]}}