{"id":64593,"date":"2025-10-29T14:15:24","date_gmt":"2025-10-29T11:15:24","guid":{"rendered":"https:\/\/www.egemtv.com\/?p=64593"},"modified":"2025-10-29T14:15:25","modified_gmt":"2025-10-29T11:15:25","slug":"didimde-cumhuriyet-bayrami-coskuyla-kutlandi","status":"publish","type":"post","link":"https:\/\/www.egemtv.com\/?p=64593","title":{"rendered":"Didim\u2019de Cumhuriyet Bayram\u0131 co\u015fkuyla kutland\u0131"},"content":{"rendered":"<p>Cumhuriyetin102. y\u0131l\u0131, Didim\u2019de b\u00fcy\u00fck bir co\u015fku ve gururla kutland\u0131. Kutlama program\u0131, Didim Kaymakaml\u0131\u011f\u0131\u2019nda ger\u00e7ekle\u015ftirilen tebriklerin kabul\u00fc ile ba\u015flad\u0131. Ard\u0131ndan Didim Atat\u00fcrk Stadyumu\u2019nda d\u00fczenlenen resmi t\u00f6ren, yo\u011fun halk kat\u0131l\u0131m\u0131yla ger\u00e7ekle\u015ftirildi.<\/p>\n<p>T\u00f6rene Didim Kaymakam\u0131 Mesut \u00c7oban, Didim Garnizon Komutan\u0131 Erkut Arslan, Didim Belediye Ba\u015fkan\u0131 Hatice Gen\u00e7ay, Didim Cumhuriyet Ba\u015fsavc\u0131s\u0131 An\u0131l Altay, il\u00e7e protokol\u00fc, kamu kurumlar\u0131n\u0131n temsilcileri, siyasi parti temsilcileri, \u00f6\u011fretmenler, \u00f6\u011frenciler ve halk\u0131n yo\u011fun kat\u0131l\u0131m\u0131yla ger\u00e7ekle\u015fti. Program, il\u00e7e protokol\u00fcn\u00fcn halk\u0131n ve \u00f6\u011frencilerin bayram\u0131n\u0131 kutlamas\u0131yla ba\u015flad\u0131. Sayg\u0131 duru\u015fu ve \u0130stiklal Mar\u015f\u0131\u2019n\u0131n okunmas\u0131n\u0131n ard\u0131ndan g\u00fcn\u00fcn anlam ve \u00f6nemini anlatan konu\u015fmalar ger\u00e7ekle\u015ftirildi. \u00d6\u011frenciler taraf\u0131ndan haz\u0131rlanan \u015fiirler ve g\u00f6steriler sunuldu. Program\u0131n en unutulmaz anlar\u0131ndan biri ise Cumhuriyet\u2019in 102. y\u0131l\u0131na \u00f6zel haz\u0131rlanan 102 ki\u015filik zeybek g\u00f6sterisi oldu. Co\u015fkuyla sergilenen zeybek performans\u0131, stadyumu dolduran kalabal\u0131ktan b\u00fcy\u00fck alk\u0131\u015f ald\u0131 ve izleyenlere gurur dolu anlar ya\u015fatt\u0131.<\/p>\n<p>Ege\u2019nin incisi, Cumhuriyetin kalbi Didim, 102. y\u0131l co\u015fkusuyla adeta tek y\u00fcrek oldu. Genciyle ya\u015fl\u0131s\u0131yla alan\u0131 dolduran halk\u0131n Cumhuriyet sevdas\u0131, birlik ve beraberlik mesajlar\u0131yla b\u00fct\u00fcnle\u015fti. Atat\u00fcrk\u2019\u00fcn a\u00e7t\u0131\u011f\u0131 ayd\u0131nl\u0131k yolda ilerleme kararl\u0131l\u0131\u011f\u0131n\u0131 bir kez daha ortaya koyan Didim, uzun s\u00fcre haf\u0131zalarda yer edecek unutulmaz bir bayram kutlamas\u0131na imza att\u0131.<br \/><\/p>\n","protected":false},"excerpt":{"rendered":"<p>Cumhuriyetin102. y\u0131l\u0131, Didim\u2019de b\u00fcy\u00fck bir co\u015fku ve gururla kutland\u0131. Kutlama program\u0131, Didim Kaymakaml\u0131\u011f\u0131\u2019nda ger\u00e7ekle\u015ftirilen tebriklerin kabul\u00fc ile ba\u015flad\u0131. Ard\u0131ndan Didim Atat\u00fcrk Stadyumu\u2019nda d\u00fczenlenen resmi t\u00f6ren, yo\u011fun halk kat\u0131l\u0131m\u0131yla ger\u00e7ekle\u015ftirildi. T\u00f6rene Didim Kaymakam\u0131 Mesut \u00c7oban, Didim Garnizon Komutan\u0131 Erkut Arslan, Didim Belediye Ba\u015fkan\u0131 Hatice Gen\u00e7ay, Didim Cumhuriyet Ba\u015fsavc\u0131s\u0131 An\u0131l Altay, il\u00e7e protokol\u00fc, kamu kurumlar\u0131n\u0131n temsilcileri, siyasi&#8230;<\/p>\n","protected":false},"author":1,"featured_media":64594,"comment_status":"open","ping_status":"open","sticky":false,"template":"","format":"standard","meta":{"_crdt_document":"","footnotes":""},"categories":[1],"tags":[],"class_list":["post-64593","post","type-post","status-publish","format-standard","has-post-thumbnail","hentry","category-guncel"],"_links":{"self":[{"href":"https:\/\/www.egemtv.com\/index.php?rest_route=\/wp\/v2\/posts\/64593","targetHints":{"allow":["GET"]}}],"collection":[{"href":"https:\/\/www.egemtv.com\/index.php?rest_route=\/wp\/v2\/posts"}],"about":[{"href":"https:\/\/www.egemtv.com\/index.php?rest_route=\/wp\/v2\/types\/post"}],"author":[{"embeddable":true,"href":"https:\/\/www.egemtv.com\/index.php?rest_route=\/wp\/v2\/users\/1"}],"replies":[{"embeddable":true,"href":"https:\/\/www.egemtv.com\/index.php?rest_route=%2Fwp%2Fv2%2Fcomments&post=64593"}],"version-history":[{"count":1,"href":"https:\/\/www.egemtv.com\/index.php?rest_route=\/wp\/v2\/posts\/64593\/revisions"}],"predecessor-version":[{"id":64595,"href":"https:\/\/www.egemtv.com\/index.php?rest_route=\/wp\/v2\/posts\/64593\/revisions\/64595"}],"wp:featuredmedia":[{"embeddable":true,"href":"https:\/\/www.egemtv.com\/index.php?rest_route=\/wp\/v2\/media\/64594"}],"wp:attachment":[{"href":"https:\/\/www.egemtv.com\/index.php?rest_route=%2Fwp%2Fv2%2Fmedia&parent=64593"}],"wp:term":[{"taxonomy":"category","embeddable":true,"href":"https:\/\/www.egemtv.com\/index.php?rest_route=%2Fwp%2Fv2%2Fcategories&post=64593"},{"taxonomy":"post_tag","embeddable":true,"href":"https:\/\/www.egemtv.com\/index.php?rest_route=%2Fwp%2Fv2%2Ftags&post=64593"}],"curies":[{"name":"wp","href":"https:\/\/api.w.org\/{rel}","templated":true}]}}