{"id":64590,"date":"2025-10-29T13:55:49","date_gmt":"2025-10-29T10:55:49","guid":{"rendered":"https:\/\/www.egemtv.com\/?p=64590"},"modified":"2025-10-29T13:55:49","modified_gmt":"2025-10-29T10:55:49","slug":"marmariste-cumhuriyetin-102-yili-coskuyla-kutlandi","status":"publish","type":"post","link":"https:\/\/www.egemtv.com\/?p=64590","title":{"rendered":"Marmaris\u2019te Cumhuriyet\u2019in 102. y\u0131l\u0131 co\u015fkuyla kutland\u0131"},"content":{"rendered":"<p>T\u00fcrkiye Cumhuriyeti\u2019nin 102. kurulu\u015f y\u0131ld\u00f6n\u00fcm\u00fc kutlamalar\u0131 kapsam\u0131nda Mu\u011fla\u2019n\u0131n Marmaris il\u00e7esinde resmi t\u00f6ren d\u00fczenlendi. Marmaris Kaymakaml\u0131\u011f\u0131nda ger\u00e7ekle\u015ftirilen tebrikat t\u00f6reninin ard\u0131ndan kutlamalar, il\u00e7e \u015fehir stadyumunda co\u015fkuyla devam etti.,<\/p>\n<p>Marmaris Kaymakaml\u0131\u011f\u0131nda yap\u0131lan tebrikat t\u00f6renine; Kaymakam Nurullah Kaya, Aksaz Deniz \u00dcs Komutan\u0131 Tu\u011famiral Hamdi Abanoz, Marmaris Cumhuriyet Ba\u015fsavc\u0131s\u0131 Fatmag\u00fcl Y\u00f6r\u00fck, \u0130l\u00e7e Jandarma Komutan\u0131 Binba\u015f\u0131 Berker Dongul, \u0130l\u00e7e Emniyet M\u00fcd\u00fcr\u00fc Samed Seyhan, askeri erkan, gaziler, siyasi parti temsilcileri, sivil toplum kurulu\u015flar\u0131, muhtarlar ile il\u00e7e kurum ve kurulu\u015flar\u0131n\u0131n m\u00fcd\u00fcrleri kat\u0131ld\u0131.<\/p>\n<p>Sabah saat 10.00\u2019da Marmaris \u015eehir Stadyumu\u2019nda ba\u015flayan t\u00f6rende, Cumhurba\u015fkan\u0131 Recep Tayyip Erdo\u011fan\u2019\u0131n g\u00fcn\u00fcn anlam ve \u00f6nemine dair mesaj\u0131 okundu. Programda \u015fiirler okundu, modern ve folklorik dans g\u00f6sterileri sahnelendi, okullar ve kurumlar ge\u00e7it t\u00f6reni yapt\u0131.<\/p>\n<p>Marmaris Kaymakam\u0131 Nurullah Kaya konu\u015fmas\u0131nda &#8220;Bug\u00fcn T\u00fcrk milletinin onur g\u00fcn\u00fc. Bug\u00fcn, esaret zincirlerini k\u0131rd\u0131\u011f\u0131, \u00f6zg\u00fcrl\u00fc\u011f\u00fcn\u00fc hayk\u0131rd\u0131\u011f\u0131, egemenli\u011fin kay\u0131ts\u0131z \u015farts\u0131z millete ait oldu\u011funu ilan etti\u011fi g\u00fcnd\u00fcr. Bug\u00fcn Cumhuriyetimizin y\u00fcz ikinci y\u0131l\u0131. Hepinizi bu b\u00fcy\u00fck gururla, b\u00fcy\u00fck co\u015fkuyla ve bu b\u00fcy\u00fck bayram\u0131n heyecan\u0131yla en i\u00e7ten duygular\u0131mla selaml\u0131yorum. 29 Ekim Cumhuriyet Bayram\u0131m\u0131z kutlu olsun. Gazi Mustafa Kemal Atat\u00fcrk\u2019\u00fcn Samsun\u2019da yakt\u0131\u011f\u0131 ba\u011f\u0131ms\u0131zl\u0131k ate\u015fi, Amasya\u2019da inan\u00e7 oldu; Erzurum\u2019da azim oldu; Sivas\u2019ta karar oldu ve nihayet Ankara\u2019da Cumhuriyet oldu. Cumhuriyet; \u00c7anakkale\u2019nin direni\u015fidir, Sakarya\u2019n\u0131n cesaretidir, Dumlup\u0131nar\u2019\u0131n zaferidir, 15 Temmuz\u2019un kararl\u0131l\u0131\u011f\u0131d\u0131r. Cumhuriyet; cephede sava\u015fan Mehmet\u2019in, cephe gerisinde mermi ta\u015f\u0131yan analar\u0131m\u0131z\u0131n, vatan u\u011fruna topra\u011fa d\u00fc\u015fen yi\u011fit evlatlar\u0131m\u0131z\u0131n ad\u0131d\u0131r. Cumhuriyet e\u015fitliktir, bilimdir, insan onuruna duyulan sayg\u0131d\u0131r. Cumhuriyet, bu milletin damarlar\u0131nda dola\u015fan ba\u011f\u0131ms\u0131zl\u0131k kan\u0131d\u0131r. K\u0131ymetli Marmarisliler, bu g\u00fczel il\u00e7emiz Cumhuriyet\u2019in ayd\u0131nl\u0131k y\u00fcz\u00fcd\u00fcr. Mavi ile ye\u015filin bulu\u015ftu\u011fu bu bereketli topraklarda, vatan\u0131na, bayra\u011f\u0131na, de\u011ferlerine y\u00fcrekten ba\u011fl\u0131 insanlar ya\u015far. Ve bug\u00fcn burada, bu meydanda hepimiz ayn\u0131 y\u00fcrekle, ayn\u0131 inan\u00e7la hayk\u0131r\u0131yoruz: Ya\u015fas\u0131n Cumhuriyet!&#8221; s\u00f6zlerini kulland\u0131.<\/p>\n<p>Konu\u015fmalar\u0131n ard\u0131ndan Kaymakam Nurullah Kaya ve beraberindeki protokol \u00fcyeleri Cumhuriyet\u2019in 102. y\u0131l\u0131 etkinlikleri kapsam\u0131nda d\u00fczenlenen \u015fiir, resim, kompozisyon yar\u0131\u015fmalar\u0131 ile Cumhuriyet Ko\u015fusu\u2019nda dereceye giren \u00f6\u011frencilere \u00f6d\u00fcl ve madalyalar\u0131n\u0131 takdim etti.<\/p>\n<p>\u00d6d\u00fcl t\u00f6reninin ard\u0131ndan \u00f6\u011frenciler \u015fiirlerini okudu. \u015eehit Ahmet Benler \u0130lkokulu \u00f6\u011frencilerinin halk oyunlar\u0131 g\u00f6sterisi, Marmaris Atat\u00fcrk\u00e7\u00fc D\u00fc\u015f\u00fcnce Derne\u011fi\u2019nin zeybek performans\u0131 ve Marmaris Sabanc\u0131 Anadolu Lisesi Zeybek Ekibi\u2019nin g\u00f6sterisi b\u00fcy\u00fck be\u011feni toplad\u0131.<\/p>\n<p>Kutlamalar, il\u00e7edeki okullar, resmi kurumlar, spor kul\u00fcpleri, dernekler ve Aksaz Deniz \u00dcs Komutanl\u0131\u011f\u0131 Askeri Bandosu e\u015fli\u011finde yap\u0131lan ge\u00e7it t\u00f6reniyle sona erdi. Program, toplu foto\u011fraf \u00e7ekimiyle tamamland\u0131.<\/p>\n<p>29 Ekim Cumhuriyet Bayram\u0131 vesilesi ile askeri gemiler TCG \u0130mbat ve TCSG 310 vatanda\u015flar\u0131n ziyaretine a\u00e7\u0131ld\u0131.<br \/><\/p>\n","protected":false},"excerpt":{"rendered":"<p>T\u00fcrkiye Cumhuriyeti\u2019nin 102. kurulu\u015f y\u0131ld\u00f6n\u00fcm\u00fc kutlamalar\u0131 kapsam\u0131nda Mu\u011fla\u2019n\u0131n Marmaris il\u00e7esinde resmi t\u00f6ren d\u00fczenlendi. Marmaris Kaymakaml\u0131\u011f\u0131nda ger\u00e7ekle\u015ftirilen tebrikat t\u00f6reninin ard\u0131ndan kutlamalar, il\u00e7e \u015fehir stadyumunda co\u015fkuyla devam etti., Marmaris Kaymakaml\u0131\u011f\u0131nda yap\u0131lan tebrikat t\u00f6renine; Kaymakam Nurullah Kaya, Aksaz Deniz \u00dcs Komutan\u0131 Tu\u011famiral Hamdi Abanoz, Marmaris Cumhuriyet Ba\u015fsavc\u0131s\u0131 Fatmag\u00fcl Y\u00f6r\u00fck, \u0130l\u00e7e Jandarma Komutan\u0131 Binba\u015f\u0131 Berker Dongul, \u0130l\u00e7e Emniyet M\u00fcd\u00fcr\u00fc&#8230;<\/p>\n","protected":false},"author":1,"featured_media":64591,"comment_status":"open","ping_status":"open","sticky":false,"template":"","format":"standard","meta":{"_crdt_document":"","footnotes":""},"categories":[5],"tags":[],"class_list":["post-64590","post","type-post","status-publish","format-standard","has-post-thumbnail","hentry","category-asayis"],"_links":{"self":[{"href":"https:\/\/www.egemtv.com\/index.php?rest_route=\/wp\/v2\/posts\/64590","targetHints":{"allow":["GET"]}}],"collection":[{"href":"https:\/\/www.egemtv.com\/index.php?rest_route=\/wp\/v2\/posts"}],"about":[{"href":"https:\/\/www.egemtv.com\/index.php?rest_route=\/wp\/v2\/types\/post"}],"author":[{"embeddable":true,"href":"https:\/\/www.egemtv.com\/index.php?rest_route=\/wp\/v2\/users\/1"}],"replies":[{"embeddable":true,"href":"https:\/\/www.egemtv.com\/index.php?rest_route=%2Fwp%2Fv2%2Fcomments&post=64590"}],"version-history":[{"count":1,"href":"https:\/\/www.egemtv.com\/index.php?rest_route=\/wp\/v2\/posts\/64590\/revisions"}],"predecessor-version":[{"id":64592,"href":"https:\/\/www.egemtv.com\/index.php?rest_route=\/wp\/v2\/posts\/64590\/revisions\/64592"}],"wp:featuredmedia":[{"embeddable":true,"href":"https:\/\/www.egemtv.com\/index.php?rest_route=\/wp\/v2\/media\/64591"}],"wp:attachment":[{"href":"https:\/\/www.egemtv.com\/index.php?rest_route=%2Fwp%2Fv2%2Fmedia&parent=64590"}],"wp:term":[{"taxonomy":"category","embeddable":true,"href":"https:\/\/www.egemtv.com\/index.php?rest_route=%2Fwp%2Fv2%2Fcategories&post=64590"},{"taxonomy":"post_tag","embeddable":true,"href":"https:\/\/www.egemtv.com\/index.php?rest_route=%2Fwp%2Fv2%2Ftags&post=64590"}],"curies":[{"name":"wp","href":"https:\/\/api.w.org\/{rel}","templated":true}]}}