{"id":64587,"date":"2025-10-29T13:55:48","date_gmt":"2025-10-29T10:55:48","guid":{"rendered":"https:\/\/www.egemtv.com\/?p=64587"},"modified":"2025-10-29T13:55:48","modified_gmt":"2025-10-29T10:55:48","slug":"fethiyede-cumhuriyet-bayrami-coskusu","status":"publish","type":"post","link":"https:\/\/www.egemtv.com\/?p=64587","title":{"rendered":"Fethiye\u2019de Cumhuriyet Bayram\u0131 co\u015fkusu"},"content":{"rendered":"<p>Mu\u011fla\u2019n\u0131n Fethiye il\u00e7esinde 29 Ekim Cumhuriyet Bayram\u0131\u2019n\u0131n 102. y\u0131ld\u00f6n\u00fcm\u00fc, t\u00fcm T\u00fcrkiye\u2019de oldu\u011fu b\u00fcy\u00fck bir co\u015fkuyla kutland\u0131. Fethiye \u015eehir Stad\u0131\u2019nda d\u00fczenlenen t\u00f6rene vatanda\u015flar yo\u011fun ilgi g\u00f6sterdi. Ellerinde T\u00fcrk bayraklar\u0131yla alan\u0131 dolduran Fethiyeliler, Cumhuriyet co\u015fkusunu hep birlikte ya\u015fad\u0131.<\/p>\n<p>T\u00f6ren, Fethiye Kaymakam\u0131 Fatih Akkaya ve beraberindeki protokol\u00fcn halk\u0131n ve \u00f6\u011frencilerin bayram\u0131n\u0131 kutlamas\u0131yla ba\u015flad\u0131. Ard\u0131ndan Ulu \u00d6nder Mustafa Kemal Atat\u00fcrk ve t\u00fcm \u015fehitler an\u0131s\u0131na sayg\u0131 duru\u015funda bulunuldu ve \u0130stiklal Mar\u015f\u0131 okundu. Program kapsam\u0131nda \u00f6\u011frenciler, g\u00fcn\u00fcn anlam ve \u00f6nemine dair \u015fiirler seslendirdi. Fethiye \u0130l\u00e7e Milli E\u011fitim M\u00fcd\u00fcrl\u00fc\u011f\u00fc\u2019n\u00fcn Cumhuriyet Bayram\u0131 dolay\u0131s\u0131yla d\u00fczenledi\u011fi \u015fiir, kompozisyon ve resim yar\u0131\u015fmas\u0131nda dereceye giren \u00f6\u011frencilere ise \u00f6d\u00fclleri protokol \u00fcyeleri taraf\u0131ndan alk\u0131\u015flar aras\u0131nda takdim edildi.<\/p>\n<p>T\u00f6renin en dikkat \u00e7eken b\u00f6l\u00fcmlerinden biri T\u00fcrk Hava Kurumu\u2019nun paramotor g\u00f6sterileri oldu. G\u00f6steri izleyenlerden b\u00fcy\u00fck alk\u0131\u015f toplad\u0131. Ayr\u0131ca Ukrayna, Moldova ve Kuzey K\u0131br\u0131s T\u00fcrk Cumhuriyeti\u2019nden gelen halk oyunlar\u0131 ekipleri de sahne alarak renkli g\u00f6steriler sundular. T\u00f6rene damga vuran anlardan biri ise Fethiye Kaymakam\u0131 Fatih Akkaya\u2019n\u0131n T\u00fcrk halk oyunlar\u0131 ekibine s\u00fcrpriz yaparak zeybek oynamas\u0131 oldu. Bu anlar, izleyenler taraf\u0131ndan uzun s\u00fcre alk\u0131\u015fland\u0131. Kutlamalar\u0131n finalinde ise t\u00fcm halk oyunlar\u0131 ekipleri birlikte sahneye \u00e7\u0131karak muhte\u015fem bir g\u00f6steri sundu. Resmi ge\u00e7it t\u00f6reninde Fethiye\u2019deki okullar, \u00f6\u011fretmenler ve \u00f6\u011frenciler ge\u00e7i\u015flerini ger\u00e7ekle\u015ftirirken, Moldova ve Ukrayna ekipleri de ge\u00e7it t\u00f6renine kat\u0131larak bayram co\u015fkusuna ortak oldu.<\/p>\n<p>T\u00f6rende konu\u015fan Fethiye Kaymakam\u0131 Fatih Akkaya, Cumhuriyet\u2019in T\u00fcrk milletinin en b\u00fcy\u00fck kazan\u0131m\u0131 oldu\u011funu belirterek, &#8220;Cumhuriyetimizin 102. y\u0131l\u0131nda, Gazi Mustafa Kemal Atat\u00fcrk ve silah arkada\u015flar\u0131n\u0131 minnetle an\u0131yoruz. Cumhuriyet, bizlere emanet edilen en de\u011ferli mirast\u0131r. Bu emaneti ya\u015fatmak ve gelecek nesillere ta\u015f\u0131mak hepimizin g\u00f6revidir&#8221; dedi.<br \/><\/p>\n","protected":false},"excerpt":{"rendered":"<p>Mu\u011fla\u2019n\u0131n Fethiye il\u00e7esinde 29 Ekim Cumhuriyet Bayram\u0131\u2019n\u0131n 102. y\u0131ld\u00f6n\u00fcm\u00fc, t\u00fcm T\u00fcrkiye\u2019de oldu\u011fu b\u00fcy\u00fck bir co\u015fkuyla kutland\u0131. Fethiye \u015eehir Stad\u0131\u2019nda d\u00fczenlenen t\u00f6rene vatanda\u015flar yo\u011fun ilgi g\u00f6sterdi. Ellerinde T\u00fcrk bayraklar\u0131yla alan\u0131 dolduran Fethiyeliler, Cumhuriyet co\u015fkusunu hep birlikte ya\u015fad\u0131. T\u00f6ren, Fethiye Kaymakam\u0131 Fatih Akkaya ve beraberindeki protokol\u00fcn halk\u0131n ve \u00f6\u011frencilerin bayram\u0131n\u0131 kutlamas\u0131yla ba\u015flad\u0131. Ard\u0131ndan Ulu \u00d6nder Mustafa Kemal&#8230;<\/p>\n","protected":false},"author":1,"featured_media":64588,"comment_status":"open","ping_status":"open","sticky":false,"template":"","format":"standard","meta":{"_crdt_document":"","footnotes":""},"categories":[123],"tags":[],"class_list":["post-64587","post","type-post","status-publish","format-standard","has-post-thumbnail","hentry","category-gundem"],"_links":{"self":[{"href":"https:\/\/www.egemtv.com\/index.php?rest_route=\/wp\/v2\/posts\/64587","targetHints":{"allow":["GET"]}}],"collection":[{"href":"https:\/\/www.egemtv.com\/index.php?rest_route=\/wp\/v2\/posts"}],"about":[{"href":"https:\/\/www.egemtv.com\/index.php?rest_route=\/wp\/v2\/types\/post"}],"author":[{"embeddable":true,"href":"https:\/\/www.egemtv.com\/index.php?rest_route=\/wp\/v2\/users\/1"}],"replies":[{"embeddable":true,"href":"https:\/\/www.egemtv.com\/index.php?rest_route=%2Fwp%2Fv2%2Fcomments&post=64587"}],"version-history":[{"count":1,"href":"https:\/\/www.egemtv.com\/index.php?rest_route=\/wp\/v2\/posts\/64587\/revisions"}],"predecessor-version":[{"id":64589,"href":"https:\/\/www.egemtv.com\/index.php?rest_route=\/wp\/v2\/posts\/64587\/revisions\/64589"}],"wp:featuredmedia":[{"embeddable":true,"href":"https:\/\/www.egemtv.com\/index.php?rest_route=\/wp\/v2\/media\/64588"}],"wp:attachment":[{"href":"https:\/\/www.egemtv.com\/index.php?rest_route=%2Fwp%2Fv2%2Fmedia&parent=64587"}],"wp:term":[{"taxonomy":"category","embeddable":true,"href":"https:\/\/www.egemtv.com\/index.php?rest_route=%2Fwp%2Fv2%2Fcategories&post=64587"},{"taxonomy":"post_tag","embeddable":true,"href":"https:\/\/www.egemtv.com\/index.php?rest_route=%2Fwp%2Fv2%2Ftags&post=64587"}],"curies":[{"name":"wp","href":"https:\/\/api.w.org\/{rel}","templated":true}]}}