{"id":64584,"date":"2025-10-29T13:36:10","date_gmt":"2025-10-29T10:36:10","guid":{"rendered":"https:\/\/www.egemtv.com\/?p=64584"},"modified":"2025-10-29T13:36:10","modified_gmt":"2025-10-29T10:36:10","slug":"cumhuriyet-bayramina-ozel-tesekkur","status":"publish","type":"post","link":"https:\/\/www.egemtv.com\/?p=64584","title":{"rendered":"Cumhuriyet Bayram\u0131\u2019na \u00f6zel te\u015fekk\u00fcr"},"content":{"rendered":"<p>Mu\u011fla\u2019n\u0131n Bodrum il\u00e7esinde dev T\u00fcrk bayraklar\u0131n\u0131 y\u0131llard\u0131r \u00fccretsiz tamir eden terzi Ali Akay\u2019a Bodrum Belediyesi \u00f6zel bir te\u015fekk\u00fcr ederek, plaket verdi.<\/p>\n<p>M\u00fcskebi Mahallesi Bayrakl\u0131 Kav\u015fak\u2019ta bulunan dev T\u00fcrk bayraklar\u0131n\u0131 y\u0131llard\u0131r \u00fccretsiz tamir eden 20 y\u0131ll\u0131k terzi Ali Akay\u2019a, Bodrum Belediyesi taraf\u0131ndan te\u015fekk\u00fcr plaketi verildi. Bayrakl\u0131 Kav\u015fak\u2019ta as\u0131l\u0131 bulunan dev T\u00fcrk bayra\u011f\u0131, y\u0131l i\u00e7inde hava \u015fartlar\u0131na g\u00f6re ortalama 25 kez zab\u0131ta ekiplerince de\u011fi\u015ftiriliyor. Bu de\u011fi\u015fim sonunda T\u00fcrk bayra\u011f\u0131, terzi Ali Akay\u2019a g\u00f6t\u00fcr\u00fclerek tamir ettiriliyor ve bir sonraki de\u011fi\u015fimde yeniden kullan\u0131l\u0131yor.<\/p>\n<p>Bodrum Belediye Ba\u015fkan\u0131 Tamer Mandalinci\u2019yi temsilen Terzi Ali Akay\u2019a ger\u00e7ekle\u015ftirilen ziyarete, Ba\u015fkan Yard\u0131mc\u0131s\u0131 Tanju Aksu, Zab\u0131ta M\u00fcd\u00fcr\u00fc Aykut Demir ve 2. B\u00f6lge Zab\u0131ta Amirli\u011fi personeli kat\u0131ld\u0131. Ba\u015fkan Yard\u0131mc\u0131s\u0131 Tanju Aksu, duyarl\u0131 davran\u0131\u015f\u0131ndan dolay\u0131 terzi Ali Akay\u2019\u0131 kutlayan Bodrum Belediye Ba\u015fkan\u0131 Tamer Mandalinci\u2019nin selamlar\u0131n\u0131 ileterek te\u015fekk\u00fcr plaketini takdim etti. Terzi Akay ise plaket i\u00e7in te\u015fekk\u00fcr ederek bu anlaml\u0131 g\u00f6revi devam ettirece\u011fini s\u00f6yledi.<br \/><\/p>\n","protected":false},"excerpt":{"rendered":"<p>Mu\u011fla\u2019n\u0131n Bodrum il\u00e7esinde dev T\u00fcrk bayraklar\u0131n\u0131 y\u0131llard\u0131r \u00fccretsiz tamir eden terzi Ali Akay\u2019a Bodrum Belediyesi \u00f6zel bir te\u015fekk\u00fcr ederek, plaket verdi. M\u00fcskebi Mahallesi Bayrakl\u0131 Kav\u015fak\u2019ta bulunan dev T\u00fcrk bayraklar\u0131n\u0131 y\u0131llard\u0131r \u00fccretsiz tamir eden 20 y\u0131ll\u0131k terzi Ali Akay\u2019a, Bodrum Belediyesi taraf\u0131ndan te\u015fekk\u00fcr plaketi verildi. Bayrakl\u0131 Kav\u015fak\u2019ta as\u0131l\u0131 bulunan dev T\u00fcrk bayra\u011f\u0131, y\u0131l i\u00e7inde hava \u015fartlar\u0131na&#8230;<\/p>\n","protected":false},"author":1,"featured_media":64585,"comment_status":"open","ping_status":"open","sticky":false,"template":"","format":"standard","meta":{"_crdt_document":"","footnotes":""},"categories":[1],"tags":[],"class_list":["post-64584","post","type-post","status-publish","format-standard","has-post-thumbnail","hentry","category-guncel"],"_links":{"self":[{"href":"https:\/\/www.egemtv.com\/index.php?rest_route=\/wp\/v2\/posts\/64584","targetHints":{"allow":["GET"]}}],"collection":[{"href":"https:\/\/www.egemtv.com\/index.php?rest_route=\/wp\/v2\/posts"}],"about":[{"href":"https:\/\/www.egemtv.com\/index.php?rest_route=\/wp\/v2\/types\/post"}],"author":[{"embeddable":true,"href":"https:\/\/www.egemtv.com\/index.php?rest_route=\/wp\/v2\/users\/1"}],"replies":[{"embeddable":true,"href":"https:\/\/www.egemtv.com\/index.php?rest_route=%2Fwp%2Fv2%2Fcomments&post=64584"}],"version-history":[{"count":1,"href":"https:\/\/www.egemtv.com\/index.php?rest_route=\/wp\/v2\/posts\/64584\/revisions"}],"predecessor-version":[{"id":64586,"href":"https:\/\/www.egemtv.com\/index.php?rest_route=\/wp\/v2\/posts\/64584\/revisions\/64586"}],"wp:featuredmedia":[{"embeddable":true,"href":"https:\/\/www.egemtv.com\/index.php?rest_route=\/wp\/v2\/media\/64585"}],"wp:attachment":[{"href":"https:\/\/www.egemtv.com\/index.php?rest_route=%2Fwp%2Fv2%2Fmedia&parent=64584"}],"wp:term":[{"taxonomy":"category","embeddable":true,"href":"https:\/\/www.egemtv.com\/index.php?rest_route=%2Fwp%2Fv2%2Fcategories&post=64584"},{"taxonomy":"post_tag","embeddable":true,"href":"https:\/\/www.egemtv.com\/index.php?rest_route=%2Fwp%2Fv2%2Ftags&post=64584"}],"curies":[{"name":"wp","href":"https:\/\/api.w.org\/{rel}","templated":true}]}}