{"id":64581,"date":"2025-10-29T13:36:09","date_gmt":"2025-10-29T10:36:09","guid":{"rendered":"https:\/\/www.egemtv.com\/?p=64581"},"modified":"2025-10-29T13:36:09","modified_gmt":"2025-10-29T10:36:09","slug":"demirci-kula-salihli-ve-selendide-29-ekim-heyecani","status":"publish","type":"post","link":"https:\/\/www.egemtv.com\/?p=64581","title":{"rendered":"Demirci, Kula, Salihli ve Selendi\u2019de 29 Ekim heyecan\u0131"},"content":{"rendered":"<p>Manisa\u2019n\u0131n Demirci, Kula, Salihli ve Selendi il\u00e7elerinde 29 Ekim Cumhuriyet Bayram\u0131\u2019n\u0131n 102. y\u0131l\u0131 co\u015fkuyla kutland\u0131. T\u00f6renlerde \u00f6\u011frenciler, protokol \u00fcyeleri ve vatanda\u015flar Cumhuriyet\u2019in kurulu\u015f gururunu hep birlikte ya\u015fad\u0131.<br \/>\n<br \/>Demirci\u2019den Kula\u2019ya, Selendi\u2019den Salihli\u2019ye yay\u0131lan 29 Ekim Cumhuriyet Bayram\u0131 kutlamalar\u0131nda gen\u00e7lerin haz\u0131rlad\u0131\u011f\u0131 g\u00f6steriler b\u00fcy\u00fck alk\u0131\u015f ald\u0131.<\/p>\n<p>Demirci\u2019deki kutlamalar<br \/>\n<br \/>Manisa\u2019n\u0131n Demirci il\u00e7esinde 29 Ekim Cumhuriyet Bayram\u0131 102. y\u0131l kutlamalar\u0131 Kaymakam \u0130brahim Ethem Ak\u0131nc\u0131 Stad\u0131nda ger\u00e7ekle\u015fti. Demirci\u2019de 29 Ekim Cumhuriyet Bayram\u0131 kutlama t\u00f6renleri Kaymakaml\u0131k makam\u0131nda Kaymakam Fatih Bayram\u2019\u0131n tebrikleri kabul etmesi ile ba\u015flad\u0131.<br \/>\n<br \/>Kaymakam \u0130brahim Ethem Ak\u0131nc\u0131 stad\u0131nda d\u00fczenlenen Cumhuriyet Bayram\u0131 kutlamalar\u0131nda Kaymakam Fatih Bayram \u00f6\u011frencileri ve halk\u0131n bayram\u0131n\u0131 kutlad\u0131. Kaymakam Fatih Bayram\u2019\u0131n g\u00fcn\u00fcn anlam ve \u00f6nemini belirten konu\u015fmalar\u0131n\u0131n ard\u0131ndan \u00f6\u011frenciler \u015fiirlerini okurken, m\u00fczikli g\u00f6steri ve halk oyunlar\u0131 sergilendi.<br \/>\n<br \/>Gevher Nesibe Mesleki ve Teknik Anadolu Lisesi ve 75. Y\u0131l Alime Pa\u015fa Ortaokulu \u00f6\u011frencileri bedenleri ile g\u00f6steriler kapsam\u0131nda stada 102 ve Ayy\u0131ld\u0131z koreografisini \u00e7izdiler. T\u00f6rende Kaymakam Fatih Bayram, Belediye Ba\u015fkan\u0131 Erkan Kara ve Garnizon Komutan\u0131 Mly. Binba\u015f\u0131 H\u00fcseyin Cihan Korkmaz taraf\u0131ndan 29 Ekim Cumhuriyet Bayram\u0131 dolay\u0131s\u0131yla il\u00e7ede d\u00fczenlenen okullar aras\u0131 yar\u0131\u015fmalarda dereceye giren \u00f6\u011frencilere \u00f6d\u00fclleri verildi.<\/p>\n<p>Kula\u2019daki kutlamalar<br \/>\n<br \/>Yurdun d\u00f6rt bir yan\u0131nda oldu\u011fu gibi 29 Ekim Cumhuriyet Bayram\u0131 ile Cumhuriyet\u2019in 102. y\u0131l\u0131 Kula\u2019da da \u00e7e\u015fitli etkinlikler ile kutland\u0131. Kula Kaymakam\u0131 Talha Altunta\u015f, Garnizon Komutan\u0131 \u0130kmal Binba\u015f\u0131 Volkan Eryol ve Kula Belediye Ba\u015fkan\u0131 Hikmet D\u00f6nmez\u2019in kaymakaml\u0131k makam\u0131nda tebrikleri kabul etmesiyle ba\u015flayan program daha sonra 4 Eyl\u00fcl \u015eehitleri \u0130l\u00e7e Stadyumu\u2019nda devam etti. Sayg\u0131 duru\u015funda bulunulmas\u0131 ve \u0130stiklal Mar\u015f\u0131\u2019n\u0131n okunmas\u0131yla ba\u015flayan t\u00f6rende konu\u015fan Kula Kaymakam\u0131 Talha Altunta\u015f, &#8220;Bizlere d\u00fc\u015fen g\u00f6rev, atalar\u0131m\u0131z\u0131n b\u00fcy\u00fck m\u00fccadelelerle kurdu\u011fu bu Cumhuriyeti, ayn\u0131 kararl\u0131l\u0131kla korumak, ya\u015fatmak ve gelecek nesillere daha g\u00fc\u00e7l\u00fc bir \u015fekilde teslim etmektir. Bu duygu ve d\u00fc\u015f\u00fcncelerle, Cumhuriyetimizin banisi Gazi Mustafa Kemal Atat\u00fcrk ba\u015fta olmak \u00fczere, silah arkada\u015flar\u0131n\u0131, kahraman \u015fehitlerimizi ve gazilerimizi bir kez daha rahmet ve minnetle an\u0131yor, Cumhuriyetimizin 102. y\u0131l\u0131n\u0131 kutluyorum.&#8221; dedi.<br \/>\n<br \/>Kaymakam \u00d6zdemir\u2019in konu\u015fmas\u0131n\u0131n ard\u0131ndan \u00f6\u011frenciler taraf\u0131ndan  \u015fiirler okunup, g\u00f6steriler yap\u0131ld\u0131. Resmi t\u00f6ren program\u0131na, Selim Sabahat Palanduz Anadolu Lisesi M\u00fczik \u00d6\u011fretmeni Asl\u0131 K\u00f6k ve \u00f6\u011frencileri taraf\u0131ndan haz\u0131rlanan, g\u00fcn\u00fcn anlam ve \u00f6nemini anlatan eserlerin seslendirilmesi damga vurgu. Halk oyunu g\u00f6sterileri, koreografiler ve haftan\u0131n \u00f6nemine binaen d\u00fczenlenen yar\u0131\u015fmalarda dereceye giren  \u00f6\u011frencilere \u00f6d\u00fcllerin verilmesinin ard\u0131ndan Kula Selim Sabahat Palanduz Anadolu Lisesi Bando Tak\u0131m\u0131 e\u015fli\u011finde t\u00f6ren ge\u00e7i\u015finin yap\u0131lmas\u0131yla 29 Ekim Cumhuriyet Bayram\u0131 ile Cumhuriyet\u2019in 102.y\u0131l\u0131 kutlama etkinlikleri sona erdi.<\/p>\n<p>Salihli\u2019deki kutlamalar<br \/>\n<br \/>Cumhuriyetin 102. y\u0131ld\u00f6n\u00fcm\u00fc ve 29 Ekim Cumhuriyet Bayram\u0131 Salihli\u2019de co\u015fku i\u00e7erisinde kutland\u0131.<br \/>\n<br \/>Atat\u00fcrk Kent Meydan\u0131nda yap\u0131lan kutlamaya Salihli Kaymakam\u0131 Ali G\u00fcldo\u011fan, Salihli Belediye Ba\u015fkan Yard\u0131mc\u0131s\u0131 Yavuz \u00d6zdem, Garnizon Komutanl\u0131\u011f\u0131\u2019ndan Ula\u015ft\u0131rma Yarbay Nuri Duman, Cumhuriyet Ba\u015fsavc\u0131s\u0131 Orhan Al, \u0130l\u00e7e Jandarma Komutan\u0131 Binba\u015f\u0131 Do\u011fukan Karaaslan, \u0130l\u00e7e Emniyet M\u00fcd\u00fcr\u00fc Burhan Demirk\u0131ran ile kurum m\u00fcd\u00fcrleri, oda temsilcileri, siyasi parti temsilcileri ile vatanda\u015flar kat\u0131ld\u0131.<br \/>\n<br \/>Sayg\u0131 duru\u015funda bulunulmas\u0131 ve \u0130stiklal Mar\u015f\u0131n\u0131n okunmas\u0131yla ba\u015flayan programda konu\u015fan Salihli Kaymakam\u0131 Kaymakam\u0131 Ali G\u00fcldo\u011fan, &#8220;Bizler, kahramanlar\u0131m\u0131z\u0131n emaneti olan bu aziz vatan topra\u011f\u0131n\u0131 ve \u015fanl\u0131 bayra\u011f\u0131m\u0131z\u0131 daima korumay\u0131 ve gelece\u011fi in\u015fa edecek nesillere cumhuriyetinin de\u011ferlerini ve Atat\u00fcrk\u2019\u00fcn ideallerini aktarmaya ve bu emaneti korumaya ve y\u00fcceltmeye kararl\u0131y\u0131z. Bug\u00fcn bir kez daha yeniden Ya\u015fas\u0131n Cumhuriyet diyoruz.&#8221; dedi.<br \/>\n<br \/>Kutlama program\u0131, m\u00fczik, \u015fiir, resim yar\u0131\u015fmas\u0131nda dereceye giren \u00f6\u011frencilere \u00f6d\u00fcl, \u015fiir, oratoryo g\u00f6sterisi, bando tak\u0131m\u0131 g\u00f6sterisi ve halk oyunlar\u0131 ile devam etti. Program, ge\u00e7i\u015f t\u00f6reniyle sona erdi.<\/p>\n<p>Selendi\u2019deki kutlamalar<br \/>\n<br \/>Manisa\u2019n\u0131n Selendi il\u00e7esinde Cumhuriyet Bayram\u0131n\u0131n 102. y\u0131l\u0131 b\u00fcy\u00fck co\u015fku ile kutland\u0131. Kaymakaml\u0131k makam\u0131nda \u0130l\u00e7e Kaymakam\u0131 M\u00fccahit Enes Y\u0131ld\u0131z\u2019\u0131n tebriklerinin kabul\u00fcyle ba\u015flayan t\u00f6ren Selendi \u00dc\u00e7 Eyl\u00fcl \u015eehir Stad\u0131nda devam etti. Sayg\u0131 duru\u015funda bulunulmas\u0131 ve \u0130stiklal Mar\u015f\u0131n\u0131n okunmas\u0131yla ba\u015flayan t\u00f6ren, Kaymakam M\u00fccahit Enes Y\u0131ld\u0131z, Belediye Ba\u015fkan\u0131 Murat Daban\u2019\u0131n \u00f6\u011frencilerin ve halk\u0131n bayram\u0131n\u0131 kutlamas\u0131yla devam etti. \u0130l\u00e7e Kaymakam\u0131 M\u00fccahit Enes Y\u0131ld\u0131z yapt\u0131\u011f\u0131 konu\u015fmada, &#8220;102 y\u0131l \u00f6nce Gazi Mustafa Kemal Atat\u00fcrk\u2019\u00fcn En b\u00fcy\u00fck eserimdir diyerek milletimize emanet etti\u011fi bu kutlu rejim, \u00f6zg\u00fcrl\u00fc\u011f\u00fcn, e\u015fitli\u011fin ve milli egemenli\u011fin teminat\u0131 olmu\u015ftur. Cumhuriyet; k\u00fcllerinden yeniden do\u011fan bir milletin, karanl\u0131\u011fa kar\u015f\u0131 yakt\u0131\u011f\u0131 me\u015faledir. Bug\u00fcn, 102 y\u0131ll\u0131k bu b\u00fcy\u00fck y\u00fcr\u00fcy\u00fc\u015fe gururla bakarken, sadece ge\u00e7mi\u015fi de\u011fil; gelece\u011fi de omuzlar\u0131m\u0131zda ta\u015f\u0131yoruz.&#8221; dedi.<br \/>\n<br \/>\u015eiirlerin okunmas\u0131, dans g\u00f6sterileri, halk oyunlar\u0131, mini konser, step g\u00f6sterilerinin ard\u0131ndan \u00f6\u011frenciler aras\u0131nda k\u0131sa mesafe ko\u015fusu yap\u0131ld\u0131. Program sonunda Kaymakam M\u00fccahit Enes Y\u0131ld\u0131z, Belediye Ba\u015fkan\u0131 Murat Daban ve Cumhuriyet Savc\u0131s\u0131 Ersel Bozkurt yar\u0131\u015fmalarda dereceye girenlere \u00f6d\u00fcllerin vermesinin ard\u0131ndan program resmi ge\u00e7it t\u00f6reni ile son buldu.<br \/><\/p>\n","protected":false},"excerpt":{"rendered":"<p>Manisa\u2019n\u0131n Demirci, Kula, Salihli ve Selendi il\u00e7elerinde 29 Ekim Cumhuriyet Bayram\u0131\u2019n\u0131n 102. y\u0131l\u0131 co\u015fkuyla kutland\u0131. T\u00f6renlerde \u00f6\u011frenciler, protokol \u00fcyeleri ve vatanda\u015flar Cumhuriyet\u2019in kurulu\u015f gururunu hep birlikte ya\u015fad\u0131. Demirci\u2019den Kula\u2019ya, Selendi\u2019den Salihli\u2019ye yay\u0131lan 29 Ekim Cumhuriyet Bayram\u0131 kutlamalar\u0131nda gen\u00e7lerin haz\u0131rlad\u0131\u011f\u0131 g\u00f6steriler b\u00fcy\u00fck alk\u0131\u015f ald\u0131. Demirci\u2019deki kutlamalar Manisa\u2019n\u0131n Demirci il\u00e7esinde 29 Ekim Cumhuriyet Bayram\u0131 102. y\u0131l kutlamalar\u0131&#8230;<\/p>\n","protected":false},"author":1,"featured_media":64582,"comment_status":"open","ping_status":"open","sticky":false,"template":"","format":"standard","meta":{"_crdt_document":"","footnotes":""},"categories":[1],"tags":[],"class_list":["post-64581","post","type-post","status-publish","format-standard","has-post-thumbnail","hentry","category-guncel"],"_links":{"self":[{"href":"https:\/\/www.egemtv.com\/index.php?rest_route=\/wp\/v2\/posts\/64581","targetHints":{"allow":["GET"]}}],"collection":[{"href":"https:\/\/www.egemtv.com\/index.php?rest_route=\/wp\/v2\/posts"}],"about":[{"href":"https:\/\/www.egemtv.com\/index.php?rest_route=\/wp\/v2\/types\/post"}],"author":[{"embeddable":true,"href":"https:\/\/www.egemtv.com\/index.php?rest_route=\/wp\/v2\/users\/1"}],"replies":[{"embeddable":true,"href":"https:\/\/www.egemtv.com\/index.php?rest_route=%2Fwp%2Fv2%2Fcomments&post=64581"}],"version-history":[{"count":1,"href":"https:\/\/www.egemtv.com\/index.php?rest_route=\/wp\/v2\/posts\/64581\/revisions"}],"predecessor-version":[{"id":64583,"href":"https:\/\/www.egemtv.com\/index.php?rest_route=\/wp\/v2\/posts\/64581\/revisions\/64583"}],"wp:featuredmedia":[{"embeddable":true,"href":"https:\/\/www.egemtv.com\/index.php?rest_route=\/wp\/v2\/media\/64582"}],"wp:attachment":[{"href":"https:\/\/www.egemtv.com\/index.php?rest_route=%2Fwp%2Fv2%2Fmedia&parent=64581"}],"wp:term":[{"taxonomy":"category","embeddable":true,"href":"https:\/\/www.egemtv.com\/index.php?rest_route=%2Fwp%2Fv2%2Fcategories&post=64581"},{"taxonomy":"post_tag","embeddable":true,"href":"https:\/\/www.egemtv.com\/index.php?rest_route=%2Fwp%2Fv2%2Ftags&post=64581"}],"curies":[{"name":"wp","href":"https:\/\/api.w.org\/{rel}","templated":true}]}}