{"id":64578,"date":"2025-10-29T13:36:07","date_gmt":"2025-10-29T10:36:07","guid":{"rendered":"https:\/\/www.egemtv.com\/?p=64578"},"modified":"2025-10-29T13:36:09","modified_gmt":"2025-10-29T10:36:09","slug":"ambulanslari-turk-bayraklari-ile-suslediler","status":"publish","type":"post","link":"https:\/\/www.egemtv.com\/?p=64578","title":{"rendered":"Ambulanslar\u0131 T\u00fcrk bayraklar\u0131 ile s\u00fcslediler"},"content":{"rendered":"<p>Afyonkarahisar\u2019da Cumhuriyet Bayram\u0131 co\u015fkusu sadece meydanlarda de\u011fil kurumlarda da ya\u015fan\u0131rken 112 Acil servis ambulanslar\u0131 bug\u00fcne \u00f6zel T\u00fcrk bayraklar\u0131 ile s\u00fcsledi.<br \/>\n<br \/>Bolvadin il\u00e7esindeki 112 Acil Servis \u0130stasyonu\u2019nda g\u00f6rev yapan personeller sabah erken saatlerde geldikleri istasyonda mesaiye ba\u015flamadan \u00f6nce ambulanslar\u0131 T\u00fcrk bayraklar\u0131 ile s\u00fcsledi. 29 ekim Cumhuriyet Bayram\u0131 dolay\u0131s\u0131yla sa\u011fl\u0131k \u00e7al\u0131\u015fanlar\u0131n\u0131n ger\u00e7ekle\u015ftirdi\u011fi davran\u0131\u015f vatanda\u015flar\u0131n taktirini toplad\u0131.<br \/><\/p>\n","protected":false},"excerpt":{"rendered":"<p>Afyonkarahisar\u2019da Cumhuriyet Bayram\u0131 co\u015fkusu sadece meydanlarda de\u011fil kurumlarda da ya\u015fan\u0131rken 112 Acil servis ambulanslar\u0131 bug\u00fcne \u00f6zel T\u00fcrk bayraklar\u0131 ile s\u00fcsledi. Bolvadin il\u00e7esindeki 112 Acil Servis \u0130stasyonu\u2019nda g\u00f6rev yapan personeller sabah erken saatlerde geldikleri istasyonda mesaiye ba\u015flamadan \u00f6nce ambulanslar\u0131 T\u00fcrk bayraklar\u0131 ile s\u00fcsledi. 29 ekim Cumhuriyet Bayram\u0131 dolay\u0131s\u0131yla sa\u011fl\u0131k \u00e7al\u0131\u015fanlar\u0131n\u0131n ger\u00e7ekle\u015ftirdi\u011fi davran\u0131\u015f vatanda\u015flar\u0131n taktirini toplad\u0131.<\/p>\n","protected":false},"author":1,"featured_media":64579,"comment_status":"open","ping_status":"open","sticky":false,"template":"","format":"standard","meta":{"_crdt_document":"","footnotes":""},"categories":[1],"tags":[],"class_list":["post-64578","post","type-post","status-publish","format-standard","has-post-thumbnail","hentry","category-guncel"],"_links":{"self":[{"href":"https:\/\/www.egemtv.com\/index.php?rest_route=\/wp\/v2\/posts\/64578","targetHints":{"allow":["GET"]}}],"collection":[{"href":"https:\/\/www.egemtv.com\/index.php?rest_route=\/wp\/v2\/posts"}],"about":[{"href":"https:\/\/www.egemtv.com\/index.php?rest_route=\/wp\/v2\/types\/post"}],"author":[{"embeddable":true,"href":"https:\/\/www.egemtv.com\/index.php?rest_route=\/wp\/v2\/users\/1"}],"replies":[{"embeddable":true,"href":"https:\/\/www.egemtv.com\/index.php?rest_route=%2Fwp%2Fv2%2Fcomments&post=64578"}],"version-history":[{"count":1,"href":"https:\/\/www.egemtv.com\/index.php?rest_route=\/wp\/v2\/posts\/64578\/revisions"}],"predecessor-version":[{"id":64580,"href":"https:\/\/www.egemtv.com\/index.php?rest_route=\/wp\/v2\/posts\/64578\/revisions\/64580"}],"wp:featuredmedia":[{"embeddable":true,"href":"https:\/\/www.egemtv.com\/index.php?rest_route=\/wp\/v2\/media\/64579"}],"wp:attachment":[{"href":"https:\/\/www.egemtv.com\/index.php?rest_route=%2Fwp%2Fv2%2Fmedia&parent=64578"}],"wp:term":[{"taxonomy":"category","embeddable":true,"href":"https:\/\/www.egemtv.com\/index.php?rest_route=%2Fwp%2Fv2%2Fcategories&post=64578"},{"taxonomy":"post_tag","embeddable":true,"href":"https:\/\/www.egemtv.com\/index.php?rest_route=%2Fwp%2Fv2%2Ftags&post=64578"}],"curies":[{"name":"wp","href":"https:\/\/api.w.org\/{rel}","templated":true}]}}