{"id":64575,"date":"2025-10-29T13:36:07","date_gmt":"2025-10-29T10:36:07","guid":{"rendered":"https:\/\/www.egemtv.com\/?p=64575"},"modified":"2025-10-29T13:36:07","modified_gmt":"2025-10-29T10:36:07","slug":"koycegizde-cumhuriyet-bayrami-coskuyla-kutlandi","status":"publish","type":"post","link":"https:\/\/www.egemtv.com\/?p=64575","title":{"rendered":"K\u00f6yce\u011fiz\u2019de Cumhuriyet Bayram\u0131 co\u015fkuyla kutland\u0131"},"content":{"rendered":"<p>Mu\u011fla\u2019n\u0131n K\u00f6yce\u011fiz il\u00e7esinde 29 Ekim Cumhuriyet Bayram\u0131 co\u015fkuyla kutland\u0131.<\/p>\n<p>Cumhuriyetin 102. Y\u0131l\u0131 kutlama program\u0131 saat 09.00\u2019da Kaymakaml\u0131k Makam\u0131nda tebriklerin kabul\u00fc t\u00f6reni ile ba\u015flad\u0131. Daha sonra kutlama program\u0131 K\u00f6yce\u011fiz Mehmet \u00d6zkaya Stad\u0131\u2019nda devam etti. \u0130lk olarak kaymakam, garnizon komutan\u0131 ve belediye ba\u015fkan\u0131 \u00f6\u011frencilerin ve halk\u0131n bayram\u0131n\u0131 kutlad\u0131. Sayg\u0131 duru\u015funun ard\u0131ndan \u0130stiklal Mar\u015f\u0131 okundu. Cumhurba\u015fkan\u0131 Recep Tayyip Erdo\u011fan\u2019\u0131n kutlama mesaj\u0131 sunuldu. K\u00f6yce\u011fiz Kaymakam\u0131 Mert Kumcu g\u00fcn\u00fcn anlam ve \u00f6nemini belirten konu\u015fmas\u0131n\u0131 yapt\u0131. K\u00f6yce\u011fiz Anadolu Lisesi \u00f6\u011frencisi \u2018Cumhuriyet\u2019 ba\u015fl\u0131kl\u0131 \u015fiiri okudu. Liseler aras\u0131 100 metre ko\u015fu yar\u0131\u015f\u0131 yap\u0131ld\u0131. Bayram kutlama program\u0131 \u00f6d\u00fcl t\u00f6reni ile devam etti. Yunus Emre Ortaokulu \u2018Vatan\u2019 \u015fark\u0131s\u0131 g\u00f6sterisi ger\u00e7ekle\u015ftirdi. Halk E\u011fitim Merkezi Halk Oyunlar\u0131 g\u00f6sterisi izlendi. K\u00f6yce\u011fiz Gen\u00e7lik ve Spor M\u00fcd\u00fcrl\u00fc\u011f\u00fc tekvando g\u00f6sterisinin ard\u0131ndan K\u00f6yce\u011fiz Anadolu Lisesi m\u00fczik sunumunda bulundu. Son olarak K\u00f6yce\u011fiz Anadolu Lisesi 102. Y\u0131l koreografisi sergiledi. T\u00f6ren ge\u00e7i\u015finin ard\u0131ndan program sona erdi.<br \/><\/p>\n","protected":false},"excerpt":{"rendered":"<p>Mu\u011fla\u2019n\u0131n K\u00f6yce\u011fiz il\u00e7esinde 29 Ekim Cumhuriyet Bayram\u0131 co\u015fkuyla kutland\u0131. Cumhuriyetin 102. Y\u0131l\u0131 kutlama program\u0131 saat 09.00\u2019da Kaymakaml\u0131k Makam\u0131nda tebriklerin kabul\u00fc t\u00f6reni ile ba\u015flad\u0131. Daha sonra kutlama program\u0131 K\u00f6yce\u011fiz Mehmet \u00d6zkaya Stad\u0131\u2019nda devam etti. \u0130lk olarak kaymakam, garnizon komutan\u0131 ve belediye ba\u015fkan\u0131 \u00f6\u011frencilerin ve halk\u0131n bayram\u0131n\u0131 kutlad\u0131. Sayg\u0131 duru\u015funun ard\u0131ndan \u0130stiklal Mar\u015f\u0131 okundu. Cumhurba\u015fkan\u0131 Recep Tayyip&#8230;<\/p>\n","protected":false},"author":1,"featured_media":64576,"comment_status":"open","ping_status":"open","sticky":false,"template":"","format":"standard","meta":{"_crdt_document":"","footnotes":""},"categories":[1],"tags":[],"class_list":["post-64575","post","type-post","status-publish","format-standard","has-post-thumbnail","hentry","category-guncel"],"_links":{"self":[{"href":"https:\/\/www.egemtv.com\/index.php?rest_route=\/wp\/v2\/posts\/64575","targetHints":{"allow":["GET"]}}],"collection":[{"href":"https:\/\/www.egemtv.com\/index.php?rest_route=\/wp\/v2\/posts"}],"about":[{"href":"https:\/\/www.egemtv.com\/index.php?rest_route=\/wp\/v2\/types\/post"}],"author":[{"embeddable":true,"href":"https:\/\/www.egemtv.com\/index.php?rest_route=\/wp\/v2\/users\/1"}],"replies":[{"embeddable":true,"href":"https:\/\/www.egemtv.com\/index.php?rest_route=%2Fwp%2Fv2%2Fcomments&post=64575"}],"version-history":[{"count":1,"href":"https:\/\/www.egemtv.com\/index.php?rest_route=\/wp\/v2\/posts\/64575\/revisions"}],"predecessor-version":[{"id":64577,"href":"https:\/\/www.egemtv.com\/index.php?rest_route=\/wp\/v2\/posts\/64575\/revisions\/64577"}],"wp:featuredmedia":[{"embeddable":true,"href":"https:\/\/www.egemtv.com\/index.php?rest_route=\/wp\/v2\/media\/64576"}],"wp:attachment":[{"href":"https:\/\/www.egemtv.com\/index.php?rest_route=%2Fwp%2Fv2%2Fmedia&parent=64575"}],"wp:term":[{"taxonomy":"category","embeddable":true,"href":"https:\/\/www.egemtv.com\/index.php?rest_route=%2Fwp%2Fv2%2Fcategories&post=64575"},{"taxonomy":"post_tag","embeddable":true,"href":"https:\/\/www.egemtv.com\/index.php?rest_route=%2Fwp%2Fv2%2Ftags&post=64575"}],"curies":[{"name":"wp","href":"https:\/\/api.w.org\/{rel}","templated":true}]}}