{"id":64572,"date":"2025-10-29T13:36:06","date_gmt":"2025-10-29T10:36:06","guid":{"rendered":"https:\/\/www.egemtv.com\/?p=64572"},"modified":"2025-10-29T13:36:07","modified_gmt":"2025-10-29T10:36:07","slug":"muradiye-osb-baskani-kivircikin-ingiltere-ziyareti-yabanci-basinda","status":"publish","type":"post","link":"https:\/\/www.egemtv.com\/?p=64572","title":{"rendered":"Muradiye OSB Ba\u015fkan\u0131 K\u0131v\u0131rc\u0131k\u2019\u0131n \u0130ngiltere ziyareti yabanc\u0131 bas\u0131nda"},"content":{"rendered":"<p>Muradiye Organize Sanayi B\u00f6lgesi (OSB) Y\u00f6netim Kurulu Ba\u015fkan\u0131 Osman K\u0131v\u0131rc\u0131k, \u0130ngiltere\u2019ye ger\u00e7ekle\u015ftirilen resmi ziyarette sanayi i\u015f birlikleri, yat\u0131r\u0131m f\u0131rsatlar\u0131 ve b\u00f6lgesel kalk\u0131nma eksenli g\u00f6r\u00fc\u015fmelerle g\u00fcndeme ta\u015f\u0131nd\u0131. Ziyaret yabanc\u0131 bas\u0131nda da b\u00fcy\u00fck ilgi g\u00f6rd\u00fc.<br \/>\n<br \/>Muradiye Organize Sanayi B\u00f6lgesi Y\u00f6netim Kurulu Ba\u015fkan\u0131 Osman K\u0131v\u0131rc\u0131k\u2019\u0131n \u0130ngiltere temaslar\u0131, Muradiye OSB\u2019nin uluslararas\u0131 yat\u0131r\u0131m a\u011f\u0131n\u0131 geni\u015fletirken yabanc\u0131 bas\u0131nda da geni\u015f yer buldu. Y\u00fcksek teknoloji odakl\u0131 yat\u0131r\u0131mlar\u0131n g\u00fcndeme geldi\u011fi ziyarette, Manisa Bezi\u2019nin k\u00fclt\u00fcrel tan\u0131t\u0131m\u0131 da yap\u0131ld\u0131.<\/p>\n<p>\u0130ngiltere\u2019de Muradiye OSB\u2019ye yo\u011fun ilgi<br \/>\n<br \/>International News sitesinde yay\u0131mlanan &#8220;Manisa\u2019s Industrial Power Showcased in the UK&#8221; ba\u015fl\u0131kl\u0131 haberde, Osman K\u0131v\u0131rc\u0131k\u2019\u0131n Birle\u015fik Krall\u0131k\u2019ta sanayi i\u015f birli\u011fi geli\u015ftirme amac\u0131yla d\u00fczenlenen &#8220;Industrial Cooperation Development Fair&#8221; etkinli\u011fine kat\u0131ld\u0131\u011f\u0131 vurguland\u0131.<br \/>\n<br \/>Haberde, Ba\u015fkan K\u0131v\u0131rc\u0131k\u2019\u0131n Lady Andrea Jenkyns (Greater Lincolnshire Valisi) taraf\u0131ndan \u00f6zel davet edildi\u011fi; ziyaretin Manisa\u2019n\u0131n sanayi vizyonunu uluslararas\u0131 platformda tan\u0131tma, yat\u0131r\u0131mc\u0131larla do\u011frudan temas kurma ve kar\u015f\u0131l\u0131kl\u0131 sinerji alanlar\u0131n\u0131 ke\u015ffetme niyeti ta\u015f\u0131d\u0131\u011f\u0131 belirtildi.<br \/>\n<br \/>The Best Magazine\u2019deki &#8220;Building the future of industry: Muradiye OIZ expands its global network&#8221; ba\u015fl\u0131kl\u0131 yaz\u0131da ise Muradiye OSB\u2019nin teknik altyap\u0131s\u0131, sa\u011flad\u0131\u011f\u0131 te\u015fvikler, lojistik avantajlar\u0131 ve Uzunburun geni\u015fleme alan\u0131n\u0131n yat\u0131r\u0131m potansiyeli \u00fczerinden de\u011ferlendirmeler yer ald\u0131. Ba\u015fkan K\u0131v\u0131rc\u0131k\u2019\u0131n ziyaret kapsam\u0131nda yabanc\u0131 yat\u0131r\u0131mc\u0131lara b\u00f6lgeyle ilgili detayl\u0131 bilgi sundu\u011fu; \u00f6zellikle y\u00fcksek teknoloji ve yenilik odakl\u0131 sekt\u00f6rler i\u00e7in cazibeli alanlar oldu\u011funun alt\u0131 \u00e7izildi.<br \/>\n<br \/>Ziyaret, Muradiye OSB\u2019nin sanayi g\u00fcc\u00fcn\u00fc uluslararas\u0131 arenada sergileme f\u0131rsat\u0131 oldu. Uzunburun Geni\u015fleme Alan\u0131, yat\u0131r\u0131mc\u0131lara daha geni\u015f \u00fcretim kapasitesi ve modern altyap\u0131 sunma hedefiyle \u00f6ne \u00e7\u0131kar\u0131ld\u0131.<br \/>\n<br \/>\u00d6te yandan Ba\u015fkan K\u0131v\u0131rc\u0131k, Manisa\u2019n\u0131n k\u00fclt\u00fcrel de\u011feri Manisa Bezi\u2019ni sembolik sunumlarla \u0130ngiltere taraf\u0131na takdim ederken, ekonomik i\u015f birlikleri ve d\u0131\u015f ticaret a\u00e7\u0131s\u0131ndan k\u00f6pr\u00fc imkanlar\u0131 \u00fczerinde durdu.<br \/>\n<br \/>\u0130ngiltere\u2019deki yerel yetkililer de, Muradiye OSB\u2019nin yenilik\u00e7i yakla\u015f\u0131m\u0131yla T\u00fcrk-\u0130ngiliz sanayi ba\u011flar\u0131n\u0131n g\u00fc\u00e7lenece\u011fini ve kar\u015f\u0131l\u0131kl\u0131 i\u015f f\u0131rsatlar\u0131n\u0131n artaca\u011f\u0131n\u0131 ifade etti.<br \/><\/p>\n","protected":false},"excerpt":{"rendered":"<p>Muradiye Organize Sanayi B\u00f6lgesi (OSB) Y\u00f6netim Kurulu Ba\u015fkan\u0131 Osman K\u0131v\u0131rc\u0131k, \u0130ngiltere\u2019ye ger\u00e7ekle\u015ftirilen resmi ziyarette sanayi i\u015f birlikleri, yat\u0131r\u0131m f\u0131rsatlar\u0131 ve b\u00f6lgesel kalk\u0131nma eksenli g\u00f6r\u00fc\u015fmelerle g\u00fcndeme ta\u015f\u0131nd\u0131. Ziyaret yabanc\u0131 bas\u0131nda da b\u00fcy\u00fck ilgi g\u00f6rd\u00fc. Muradiye Organize Sanayi B\u00f6lgesi Y\u00f6netim Kurulu Ba\u015fkan\u0131 Osman K\u0131v\u0131rc\u0131k\u2019\u0131n \u0130ngiltere temaslar\u0131, Muradiye OSB\u2019nin uluslararas\u0131 yat\u0131r\u0131m a\u011f\u0131n\u0131 geni\u015fletirken yabanc\u0131 bas\u0131nda da geni\u015f yer&#8230;<\/p>\n","protected":false},"author":1,"featured_media":64573,"comment_status":"open","ping_status":"open","sticky":false,"template":"","format":"standard","meta":{"_crdt_document":"","footnotes":""},"categories":[125],"tags":[],"class_list":["post-64572","post","type-post","status-publish","format-standard","has-post-thumbnail","hentry","category-ekonomi"],"_links":{"self":[{"href":"https:\/\/www.egemtv.com\/index.php?rest_route=\/wp\/v2\/posts\/64572","targetHints":{"allow":["GET"]}}],"collection":[{"href":"https:\/\/www.egemtv.com\/index.php?rest_route=\/wp\/v2\/posts"}],"about":[{"href":"https:\/\/www.egemtv.com\/index.php?rest_route=\/wp\/v2\/types\/post"}],"author":[{"embeddable":true,"href":"https:\/\/www.egemtv.com\/index.php?rest_route=\/wp\/v2\/users\/1"}],"replies":[{"embeddable":true,"href":"https:\/\/www.egemtv.com\/index.php?rest_route=%2Fwp%2Fv2%2Fcomments&post=64572"}],"version-history":[{"count":1,"href":"https:\/\/www.egemtv.com\/index.php?rest_route=\/wp\/v2\/posts\/64572\/revisions"}],"predecessor-version":[{"id":64574,"href":"https:\/\/www.egemtv.com\/index.php?rest_route=\/wp\/v2\/posts\/64572\/revisions\/64574"}],"wp:featuredmedia":[{"embeddable":true,"href":"https:\/\/www.egemtv.com\/index.php?rest_route=\/wp\/v2\/media\/64573"}],"wp:attachment":[{"href":"https:\/\/www.egemtv.com\/index.php?rest_route=%2Fwp%2Fv2%2Fmedia&parent=64572"}],"wp:term":[{"taxonomy":"category","embeddable":true,"href":"https:\/\/www.egemtv.com\/index.php?rest_route=%2Fwp%2Fv2%2Fcategories&post=64572"},{"taxonomy":"post_tag","embeddable":true,"href":"https:\/\/www.egemtv.com\/index.php?rest_route=%2Fwp%2Fv2%2Ftags&post=64572"}],"curies":[{"name":"wp","href":"https:\/\/api.w.org\/{rel}","templated":true}]}}