{"id":64569,"date":"2025-10-29T13:36:05","date_gmt":"2025-10-29T10:36:05","guid":{"rendered":"https:\/\/www.egemtv.com\/?p=64569"},"modified":"2025-10-29T13:36:06","modified_gmt":"2025-10-29T10:36:06","slug":"kusadasinda-cumhuriyet-coskusu-kortlara-tasindi","status":"publish","type":"post","link":"https:\/\/www.egemtv.com\/?p=64569","title":{"rendered":"Ku\u015fadas\u0131\u2019nda Cumhuriyet co\u015fkusu kortlara ta\u015f\u0131nd\u0131"},"content":{"rendered":"<p>Ku\u015fadas\u0131 Belediyesi taraf\u0131ndan Cumhuriyet\u2019in 102\u2019nci kurulu\u015f y\u0131l d\u00f6n\u00fcm\u00fc dolay\u0131s\u0131yla d\u00fczenlenen Cumhuriyet Kupas\u0131 Tenis Turnuvas\u0131, b\u00fcy\u00fck bir co\u015fkuyla tamamland\u0131. Cumhuriyet ruhunun sporla bulu\u015ftu\u011fu gecede, 29 Ekim\u2019e \u00f6zel, Ku\u015fadas\u0131\u2019n\u0131n en iyi 29 tenis\u00e7isinin kat\u0131ld\u0131\u011f\u0131 final ma\u00e7lar\u0131 kadar, kutlama program\u0131 da izleyenlere duygusal anlar ya\u015fatt\u0131.<\/p>\n<p>Gecenin a\u00e7\u0131l\u0131\u015f konu\u015fmas\u0131n\u0131 yapan Ku\u015fadas\u0131 Belediye Ba\u015fkan Vekili Ay\u015feg\u00fcl Da\u011fl\u0131, birlik ve beraberlik mesaj\u0131 vererek s\u00f6zlerine ba\u015flad\u0131. Ay\u015feg\u00fcl Da\u011fl\u0131; &#8220;Cumhuriyetimizin 102\u2019nci y\u0131l\u0131nda, bizlere \u00f6zg\u00fcrl\u00fck, e\u015fitlik ve \u00e7a\u011fda\u015f bir \u00fclke arma\u011fan eden Gazi Mustafa Kemal Atat\u00fcrk\u2019\u00fc bir kez daha minnetle an\u0131yoruz. Ku\u015fadas\u0131\u2019nda bu \u00f6zel g\u00fcn\u00fc, sporun birle\u015ftirici g\u00fcc\u00fcyle kutlamaktan b\u00fcy\u00fck gurur duyuyoruz&#8221; dedi. Program, cumhuriyet kutlamalar\u0131 kapsam\u0131nda d\u00fczenlenen y\u00fczme ve ko\u015fu m\u00fcsabakalar\u0131na kat\u0131lacak olan sporcular\u0131n tan\u0131t\u0131m\u0131yla devam etti. Ard\u0131ndan sinevizyon g\u00f6sterisinde, Cumhuriyetin kurucusu Gazi Mustafa Kemal Atat\u00fcrk\u2019\u00fcn vals dans\u0131 b\u00fcy\u00fck bir alk\u0131\u015fla izlendi. Bu anlaml\u0131 g\u00f6r\u00fcnt\u00fcler, ortamdaki duygusal atmosferi daha da g\u00fc\u00e7lendirdi.<\/p>\n<p>Gecede Ku\u015fadas\u0131 Kent Konseyi Cumhuriyet Sevdal\u0131lar\u0131 Grubu, Atat\u00fcrk\u2019\u00fcn izinde haz\u0131rlad\u0131klar\u0131 vals ve zeybek g\u00f6sterileriyle sahne ald\u0131. Cumhuriyet\u2019in ruhunu en zarif bi\u00e7imde yans\u0131tan bu performans, izleyenlere unutulmaz anlar ya\u015fatt\u0131. Ard\u0131ndan kortlara me\u015faleler e\u015fli\u011finde \u00e7\u0131kan tenis\u00e7iler, Cumhuriyet me\u015falesini simgeleyen g\u00f6rkemli bir kortej olu\u015fturdu.<\/p>\n<p>Final m\u00fcsabakalar\u0131nda k\u0131yas\u0131ya m\u00fccadele eden sporcular, centilmenlik i\u00e7inde ge\u00e7en ma\u00e7larda b\u00fcy\u00fck alk\u0131\u015f toplad\u0131. Kad\u0131nlar kategorisinde \u015fampiyonlu\u011fu I\u015f\u0131l Temel kazand\u0131. Mutlulu\u011funu dile getiren Temel, &#8220;Cumhuriyet Kupas\u0131 Tenis Turnuvas\u0131\u2019nda yer almak ve bunu \u015fampiyonlukla ta\u00e7land\u0131rmak benim i\u00e7in b\u00fcy\u00fck bir gurur. B\u00f6yle bir tesisi kente kazand\u0131rarak bizlere bu imkanlar\u0131 sunan Belediye Ba\u015fkan\u0131m\u0131z \u00d6mer G\u00fcnel\u2019e sonsuz te\u015fekk\u00fcr ediyorum&#8221; dedi.<\/p>\n<p>Erkekler kategorisinde ise kupay\u0131 O\u011fuzhan D\u00fczenli kald\u0131rd\u0131. \u015eampiyonlu\u011fun ard\u0131ndan D\u00fczenli, &#8220;B\u00f6yle anlaml\u0131 bir g\u00fcnde bu ba\u015far\u0131y\u0131 elde etmek tarifsiz bir duygu. Ku\u015fadas\u0131\u2019na yak\u0131\u015fan bu uluslararas\u0131 d\u00fczeydeki kortlarda Cumhuriyet\u2019in \u00e7ocuklar\u0131 olarak bayram\u0131m\u0131z\u0131 en g\u00fczel \u015fekilde kutlad\u0131k&#8221; ifadelerini kulland\u0131.<\/p>\n<p>Cumhuriyet\u2019in 102\u2019nci y\u0131l co\u015fkusunu sporun dinamizmi ile birle\u015ftiren Ku\u015fadas\u0131 Belediyesi, d\u00fczenledi\u011fi bu etkinlikte hem spora hem de Cumhuriyet de\u011ferlerine olan ba\u011fl\u0131l\u0131\u011f\u0131n\u0131 bir kez daha g\u00f6sterdi.<br \/><\/p>\n","protected":false},"excerpt":{"rendered":"<p>Ku\u015fadas\u0131 Belediyesi taraf\u0131ndan Cumhuriyet\u2019in 102\u2019nci kurulu\u015f y\u0131l d\u00f6n\u00fcm\u00fc dolay\u0131s\u0131yla d\u00fczenlenen Cumhuriyet Kupas\u0131 Tenis Turnuvas\u0131, b\u00fcy\u00fck bir co\u015fkuyla tamamland\u0131. Cumhuriyet ruhunun sporla bulu\u015ftu\u011fu gecede, 29 Ekim\u2019e \u00f6zel, Ku\u015fadas\u0131\u2019n\u0131n en iyi 29 tenis\u00e7isinin kat\u0131ld\u0131\u011f\u0131 final ma\u00e7lar\u0131 kadar, kutlama program\u0131 da izleyenlere duygusal anlar ya\u015fatt\u0131. Gecenin a\u00e7\u0131l\u0131\u015f konu\u015fmas\u0131n\u0131 yapan Ku\u015fadas\u0131 Belediye Ba\u015fkan Vekili Ay\u015feg\u00fcl Da\u011fl\u0131, birlik ve beraberlik&#8230;<\/p>\n","protected":false},"author":1,"featured_media":64570,"comment_status":"open","ping_status":"open","sticky":false,"template":"","format":"standard","meta":{"_crdt_document":"","footnotes":""},"categories":[1],"tags":[],"class_list":["post-64569","post","type-post","status-publish","format-standard","has-post-thumbnail","hentry","category-guncel"],"_links":{"self":[{"href":"https:\/\/www.egemtv.com\/index.php?rest_route=\/wp\/v2\/posts\/64569","targetHints":{"allow":["GET"]}}],"collection":[{"href":"https:\/\/www.egemtv.com\/index.php?rest_route=\/wp\/v2\/posts"}],"about":[{"href":"https:\/\/www.egemtv.com\/index.php?rest_route=\/wp\/v2\/types\/post"}],"author":[{"embeddable":true,"href":"https:\/\/www.egemtv.com\/index.php?rest_route=\/wp\/v2\/users\/1"}],"replies":[{"embeddable":true,"href":"https:\/\/www.egemtv.com\/index.php?rest_route=%2Fwp%2Fv2%2Fcomments&post=64569"}],"version-history":[{"count":1,"href":"https:\/\/www.egemtv.com\/index.php?rest_route=\/wp\/v2\/posts\/64569\/revisions"}],"predecessor-version":[{"id":64571,"href":"https:\/\/www.egemtv.com\/index.php?rest_route=\/wp\/v2\/posts\/64569\/revisions\/64571"}],"wp:featuredmedia":[{"embeddable":true,"href":"https:\/\/www.egemtv.com\/index.php?rest_route=\/wp\/v2\/media\/64570"}],"wp:attachment":[{"href":"https:\/\/www.egemtv.com\/index.php?rest_route=%2Fwp%2Fv2%2Fmedia&parent=64569"}],"wp:term":[{"taxonomy":"category","embeddable":true,"href":"https:\/\/www.egemtv.com\/index.php?rest_route=%2Fwp%2Fv2%2Fcategories&post=64569"},{"taxonomy":"post_tag","embeddable":true,"href":"https:\/\/www.egemtv.com\/index.php?rest_route=%2Fwp%2Fv2%2Ftags&post=64569"}],"curies":[{"name":"wp","href":"https:\/\/api.w.org\/{rel}","templated":true}]}}