{"id":64566,"date":"2025-10-29T13:36:04","date_gmt":"2025-10-29T10:36:04","guid":{"rendered":"https:\/\/www.egemtv.com\/?p=64566"},"modified":"2025-10-29T13:36:05","modified_gmt":"2025-10-29T10:36:05","slug":"hisarcikta-cumhuriyet-yuruyusu","status":"publish","type":"post","link":"https:\/\/www.egemtv.com\/?p=64566","title":{"rendered":"Hisarc\u0131k\u2019ta \u2019Cumhuriyet Y\u00fcr\u00fcy\u00fc\u015f\u00fc\u2019"},"content":{"rendered":"<p>K\u00fctahya\u2019n\u0131n Hisarc\u0131k il\u00e7esinde 29 Ekim Cumhuriyet Bayram\u0131 etkinlikleri \u00e7er\u00e7evesinde y\u00fcr\u00fcy\u00fc\u015f ger\u00e7ekle\u015ftirildi.<br \/>\n<br \/>Belediye hizmet binas\u0131 \u00f6n\u00fcnde ba\u015flayan y\u00fcr\u00fcy\u00fc\u015fe, Kaymakam Erkan Atam, Belediye Ba\u015fkan\u0131 Mustafa Demirta\u015f, \u0130l\u00e7e Jandarma Komutan\u0131 \u00dcste\u011fmen Kaan Nayman, \u0130l\u00e7e Emniyet Amiri Ayhan Ist\u0131k, kurum amirleri, okul m\u00fcd\u00fcrleri, \u00f6\u011fretmenler, \u00f6\u011frenciler ve vatanda\u015flar kat\u0131ld\u0131. \u00d6\u011frencilerin ellerinde T\u00fcrk bayraklar\u0131yla kat\u0131ld\u0131\u011f\u0131 Cumhuriyet Y\u00fcr\u00fcy\u00fc\u015f\u00fc 29 Ekim Cumhuriyet Bayram\u0131 program\u0131n\u0131n yap\u0131laca\u011f\u0131 kapal\u0131 Pazar yerinde sona erdi. Burada Kaymakam Erkan Atam, Belediye Ba\u015fkan\u0131 Mustafa Demirta\u015f\u2019\u0131n halk\u0131n ve \u00f6\u011frencilerin bayram\u0131n\u0131 kutlamas\u0131n\u0131n ard\u0131ndan bir konu\u015fma yapan Kaymakam Erkan Atam, &#8220;Bug\u00fcn millet olarak tarihimizin d\u00f6n\u00fcm noktalar\u0131ndan biri olan Cumhuriyetimizin ilan\u0131n\u0131n 102. Y\u0131ld\u00f6n\u00fcm\u00fcn\u00fc b\u00fcy\u00fck bir gurur, co\u015fku ve heyecanla kutlaman\u0131n mutlulu\u011funu ya\u015f\u0131yoruz. Cumhuriyet milletimizin ba\u011f\u0131ms\u0131zl\u0131k u\u011fruna verdi\u011fi e\u015fsiz m\u00fccadelenin, azim ve kararl\u0131l\u0131\u011f\u0131n en \u00f6nemli eseridir&#8221; dedi.<br \/><\/p>\n","protected":false},"excerpt":{"rendered":"<p>K\u00fctahya\u2019n\u0131n Hisarc\u0131k il\u00e7esinde 29 Ekim Cumhuriyet Bayram\u0131 etkinlikleri \u00e7er\u00e7evesinde y\u00fcr\u00fcy\u00fc\u015f ger\u00e7ekle\u015ftirildi. Belediye hizmet binas\u0131 \u00f6n\u00fcnde ba\u015flayan y\u00fcr\u00fcy\u00fc\u015fe, Kaymakam Erkan Atam, Belediye Ba\u015fkan\u0131 Mustafa Demirta\u015f, \u0130l\u00e7e Jandarma Komutan\u0131 \u00dcste\u011fmen Kaan Nayman, \u0130l\u00e7e Emniyet Amiri Ayhan Ist\u0131k, kurum amirleri, okul m\u00fcd\u00fcrleri, \u00f6\u011fretmenler, \u00f6\u011frenciler ve vatanda\u015flar kat\u0131ld\u0131. \u00d6\u011frencilerin ellerinde T\u00fcrk bayraklar\u0131yla kat\u0131ld\u0131\u011f\u0131 Cumhuriyet Y\u00fcr\u00fcy\u00fc\u015f\u00fc 29 Ekim Cumhuriyet Bayram\u0131&#8230;<\/p>\n","protected":false},"author":1,"featured_media":64567,"comment_status":"open","ping_status":"open","sticky":false,"template":"","format":"standard","meta":{"_crdt_document":"","footnotes":""},"categories":[1],"tags":[],"class_list":["post-64566","post","type-post","status-publish","format-standard","has-post-thumbnail","hentry","category-guncel"],"_links":{"self":[{"href":"https:\/\/www.egemtv.com\/index.php?rest_route=\/wp\/v2\/posts\/64566","targetHints":{"allow":["GET"]}}],"collection":[{"href":"https:\/\/www.egemtv.com\/index.php?rest_route=\/wp\/v2\/posts"}],"about":[{"href":"https:\/\/www.egemtv.com\/index.php?rest_route=\/wp\/v2\/types\/post"}],"author":[{"embeddable":true,"href":"https:\/\/www.egemtv.com\/index.php?rest_route=\/wp\/v2\/users\/1"}],"replies":[{"embeddable":true,"href":"https:\/\/www.egemtv.com\/index.php?rest_route=%2Fwp%2Fv2%2Fcomments&post=64566"}],"version-history":[{"count":1,"href":"https:\/\/www.egemtv.com\/index.php?rest_route=\/wp\/v2\/posts\/64566\/revisions"}],"predecessor-version":[{"id":64568,"href":"https:\/\/www.egemtv.com\/index.php?rest_route=\/wp\/v2\/posts\/64566\/revisions\/64568"}],"wp:featuredmedia":[{"embeddable":true,"href":"https:\/\/www.egemtv.com\/index.php?rest_route=\/wp\/v2\/media\/64567"}],"wp:attachment":[{"href":"https:\/\/www.egemtv.com\/index.php?rest_route=%2Fwp%2Fv2%2Fmedia&parent=64566"}],"wp:term":[{"taxonomy":"category","embeddable":true,"href":"https:\/\/www.egemtv.com\/index.php?rest_route=%2Fwp%2Fv2%2Fcategories&post=64566"},{"taxonomy":"post_tag","embeddable":true,"href":"https:\/\/www.egemtv.com\/index.php?rest_route=%2Fwp%2Fv2%2Ftags&post=64566"}],"curies":[{"name":"wp","href":"https:\/\/api.w.org\/{rel}","templated":true}]}}