{"id":64560,"date":"2025-10-29T13:15:21","date_gmt":"2025-10-29T10:15:21","guid":{"rendered":"https:\/\/www.egemtv.com\/?p=64560"},"modified":"2025-10-29T13:15:22","modified_gmt":"2025-10-29T10:15:22","slug":"zurnazen-festivalinde-cumhuriyet-coskusu","status":"publish","type":"post","link":"https:\/\/www.egemtv.com\/?p=64560","title":{"rendered":"Zurnazen festivalinde Cumhuriyet co\u015fkusu"},"content":{"rendered":"<p>Mu\u011fla\u2019n\u0131n k\u00fclt\u00fcrel miras\u0131n\u0131 m\u00fczikle bulu\u015fturan 10. Uluslararas\u0131 Zurnazen Festivali, T\u00fcrkiye\u2019den ve d\u00fcnyadan gelen zurna ustalar\u0131n\u0131 ayn\u0131 sahnede bir araya getirdi.<br \/>\n<br \/>Bu y\u0131l 10\u2019uncu kez d\u00fczenlenen festivalde, 13 \u00fcnl\u00fc zurna virt\u00fc\u00f6z\u00fc sahne ald\u0131. Etkinlikte Alaattin Boncuk, Ali Bedel, Allahverdi Barin, Bu\u011fra Kutbay, Dzeljo Destanovski, Ey\u00fcp Girgin, G\u00f6ksel G\u00fc\u00e7l\u00fc, Hasan Kavall\u0131, Memik Avc\u0131, Naci Peri, Petar Yuliev Alyoshev, Yenel Sat\u0131c\u0131 ve Yunus Emre gibi bir\u00e7ok \u00f6nemli isim m\u00fczikseverlerle bulu\u015ftu. Festival ayn\u0131 zamanda yerel sanat\u00e7\u0131lara destek olurken, Mu\u011fla\u2019n\u0131n k\u00fclt\u00fcr ve sanat kimli\u011fini de uluslararas\u0131 alanda tan\u0131t\u0131yor.<br \/>\n<br \/>Festival kapsam\u0131nda ayr\u0131ca U\u011fur \u00d6n\u00fcr ve S\u00fcmer Ezg\u00fc gibi sevilen sanat\u00e7\u0131lar sahne ald\u0131; solo zeybek g\u00f6sterileri, s\u00f6yle\u015filer ve konser programlar\u0131yla iki g\u00fcn boyunca Mu\u011fla m\u00fczi\u011fin kalbi haline geldi.<br \/>\n<br \/>Vatanda\u015flardan Zurnazen Festivali\u2019ne yo\u011fun ilgi<br \/>\n<br \/>Ba\u015fkan K\u00f6ksal Aras: &#8220;Zurna, Anadolu\u2019nun sesi, nefesi, h\u00fczn\u00fc, sevinci ve ya\u015fam\u0131n kendisidir&#8221;<br \/>\n<br \/>Mente\u015fe Belediye Ba\u015fkan\u0131 Gonca K\u00f6ksal Aras, &#8220;Cumhuriyetimizin kurulu\u015funun 102. y\u0131l\u0131n\u0131 kutlad\u0131\u011f\u0131m\u0131z bu haftada, bayram co\u015fkusunun dolup ta\u015ft\u0131\u011f\u0131 g\u00fcnler ya\u015f\u0131yoruz. 10 y\u0131ld\u0131r kesintisiz devam eden Zurnazen Festivalimizin bu haftaya denk gelmesi, bizler i\u00e7in ayr\u0131 bir mutluluk kayna\u011f\u0131 oldu.<br \/>\n<br \/>Cumhuriyet; \u00f6zg\u00fcrl\u00fc\u011f\u00fcn, e\u015fitli\u011fin ve d\u00fc\u015f\u00fcnce \u00f6zg\u00fcrl\u00fc\u011f\u00fcn\u00fcn, k\u0131sacas\u0131 ayd\u0131nl\u0131k bir gelece\u011fin bayram\u0131d\u0131r. Her y\u0131l b\u00fcy\u00fck bir co\u015fkuyla kutlad\u0131\u011f\u0131m\u0131z bu bayram, Atam\u0131z\u0131n bizlere emanet etti\u011fi en de\u011ferli miraslardan biridir. Zurna, en g\u00fczel g\u00fcnlerimizin, kutlamalar\u0131m\u0131z\u0131n \u00f6zel bir m\u00fczik aletidir. Ancak bununla s\u0131n\u0131rl\u0131 kalmaz; Anadolu\u2019nun sesi, nefesi, h\u00fczn\u00fc, sevinci ve ya\u015fam\u0131n ta kendisidir. Bug\u00fcn burada bizimle olan her bir sanat\u00e7\u0131m\u0131za ve misafirimize y\u00fcrekten te\u015fekk\u00fcr ediyorum. Cumhuriyet Bayram\u0131m\u0131z kutlu olsun&#8221; dedi.<br \/>\n<br \/>Ba\u015fkan Aras: &#8220;Cumhuriyet bizim nefesimizdir&#8221;<br \/>\n<br \/>K\u0131y\u0131 Ege Belediyeler Birli\u011fi ve Mu\u011fla B\u00fcy\u00fck\u015fehir Belediye Ba\u015fkan\u0131 Ahmet Aras, Cumhuriyet\u2019in anlam\u0131n\u0131 ve festivalin ta\u015f\u0131d\u0131\u011f\u0131 k\u00fclt\u00fcrel de\u011feri \u015fu s\u00f6zlerle ifade etti:<br \/>\n<br \/>&#8220;Cumhuriyetimizin 102. y\u0131l\u0131nda hem\u015fehrilerimizle birlikte olmaktan b\u00fcy\u00fck mutluluk duyuyoruz. Cumhuriyet; karde\u015fliktir, ayd\u0131nl\u0131kt\u0131r, medeniyettir. Cumhuriyeti kuran Atam\u0131za, silah arkada\u015flar\u0131na ve aziz \u015fehitlerimize \u015f\u00fckran ve minnet bor\u00e7luyuz. E\u011fer bug\u00fcn \u00f6zg\u00fcrce konu\u015fabiliyorsak, bayra\u011f\u0131m\u0131z g\u00f6klerde dalgalan\u0131yor, ezanlar\u0131m\u0131z minarelerde yank\u0131lan\u0131yorsa, bunu Gazi Mustafa Kemal Atat\u00fcrk\u2019e bor\u00e7luyuz. Cumhuriyet; onu savunacak gen\u00e7lere, \u00e7ocuklara, kad\u0131nlara ve milyonlarca insana sahiptir. \u0130\u015fte bu y\u00fczden Cumhuriyetimiz bizim i\u00e7in nefestir, ya\u015fam kayna\u011f\u0131m\u0131zd\u0131r&#8221;<br \/>\n<br \/>Ba\u015fkan Aras: &#8220;Zurna, topraklar\u0131m\u0131z\u0131n \u00f6z\u00fcd\u00fcr&#8221;<br \/>\n<br \/>Festivalin k\u00fclt\u00fcrel \u00f6nemine de dikkat \u00e7eken Ba\u015fkan Aras, &#8220;Mu\u011fla\u2019m\u0131z, Cumhuriyet\u2019i en g\u00fczel ya\u015fayan ve ya\u015fatan kentlerden biridir. Bug\u00fcn Cumhuriyet Meydan\u0131nda, 1930\u2019lu y\u0131llarda Atam\u0131z\u0131n heykelinin dikildi\u011fi bu \u00f6zel alanda, Cumhuriyet\u2019in k\u00f6klerini ya\u015fatt\u0131\u011f\u0131m\u0131z \u00e7ok \u00f6nemli bir festivalde bir araday\u0131z. Zurnazen Festivalimiz bizim topraklar\u0131m\u0131z\u0131n \u00f6z\u00fcd\u00fcr. Milas\u2019\u0131n Dibekdere\u2019sinden Mente\u015fe\u2019nin Asar\u2019\u0131na kadar her yerde davulun, zurnan\u0131n o kendine \u00f6zg\u00fc t\u0131n\u0131s\u0131n\u0131 duyuyoruz. D\u00fc\u011f\u00fcnlerimizde, bayramlar\u0131m\u0131zda, asker u\u011furlamalar\u0131m\u0131zda her yerde davul ve zurna k\u00fclt\u00fcr\u00fcm\u00fcz\u00fcn en \u00f6nemli par\u00e7as\u0131 olarak ya\u015f\u0131yor, ya\u015fat\u0131l\u0131yor&#8221; dedi.<br \/><\/p>\n","protected":false},"excerpt":{"rendered":"<p>Mu\u011fla\u2019n\u0131n k\u00fclt\u00fcrel miras\u0131n\u0131 m\u00fczikle bulu\u015fturan 10. Uluslararas\u0131 Zurnazen Festivali, T\u00fcrkiye\u2019den ve d\u00fcnyadan gelen zurna ustalar\u0131n\u0131 ayn\u0131 sahnede bir araya getirdi. Bu y\u0131l 10\u2019uncu kez d\u00fczenlenen festivalde, 13 \u00fcnl\u00fc zurna virt\u00fc\u00f6z\u00fc sahne ald\u0131. Etkinlikte Alaattin Boncuk, Ali Bedel, Allahverdi Barin, Bu\u011fra Kutbay, Dzeljo Destanovski, Ey\u00fcp Girgin, G\u00f6ksel G\u00fc\u00e7l\u00fc, Hasan Kavall\u0131, Memik Avc\u0131, Naci Peri, Petar Yuliev&#8230;<\/p>\n","protected":false},"author":1,"featured_media":64561,"comment_status":"open","ping_status":"open","sticky":false,"template":"","format":"standard","meta":{"_crdt_document":"","footnotes":""},"categories":[1],"tags":[],"class_list":["post-64560","post","type-post","status-publish","format-standard","has-post-thumbnail","hentry","category-guncel"],"_links":{"self":[{"href":"https:\/\/www.egemtv.com\/index.php?rest_route=\/wp\/v2\/posts\/64560","targetHints":{"allow":["GET"]}}],"collection":[{"href":"https:\/\/www.egemtv.com\/index.php?rest_route=\/wp\/v2\/posts"}],"about":[{"href":"https:\/\/www.egemtv.com\/index.php?rest_route=\/wp\/v2\/types\/post"}],"author":[{"embeddable":true,"href":"https:\/\/www.egemtv.com\/index.php?rest_route=\/wp\/v2\/users\/1"}],"replies":[{"embeddable":true,"href":"https:\/\/www.egemtv.com\/index.php?rest_route=%2Fwp%2Fv2%2Fcomments&post=64560"}],"version-history":[{"count":1,"href":"https:\/\/www.egemtv.com\/index.php?rest_route=\/wp\/v2\/posts\/64560\/revisions"}],"predecessor-version":[{"id":64562,"href":"https:\/\/www.egemtv.com\/index.php?rest_route=\/wp\/v2\/posts\/64560\/revisions\/64562"}],"wp:featuredmedia":[{"embeddable":true,"href":"https:\/\/www.egemtv.com\/index.php?rest_route=\/wp\/v2\/media\/64561"}],"wp:attachment":[{"href":"https:\/\/www.egemtv.com\/index.php?rest_route=%2Fwp%2Fv2%2Fmedia&parent=64560"}],"wp:term":[{"taxonomy":"category","embeddable":true,"href":"https:\/\/www.egemtv.com\/index.php?rest_route=%2Fwp%2Fv2%2Fcategories&post=64560"},{"taxonomy":"post_tag","embeddable":true,"href":"https:\/\/www.egemtv.com\/index.php?rest_route=%2Fwp%2Fv2%2Ftags&post=64560"}],"curies":[{"name":"wp","href":"https:\/\/api.w.org\/{rel}","templated":true}]}}