{"id":64557,"date":"2025-10-29T12:55:53","date_gmt":"2025-10-29T09:55:53","guid":{"rendered":"https:\/\/www.egemtv.com\/?p=64557"},"modified":"2025-10-29T12:55:54","modified_gmt":"2025-10-29T09:55:54","slug":"29-ekim-cumhuriyet-bayrami-muglada-coskuyla-kutlandi","status":"publish","type":"post","link":"https:\/\/www.egemtv.com\/?p=64557","title":{"rendered":"29 Ekim Cumhuriyet Bayram\u0131 Mu\u011fla\u2019da co\u015fkuyla kutland\u0131"},"content":{"rendered":"<p>MU\u011eLA (\u0130HA) \u2013 Mu\u011fla\u2019da Cumhuriyet\u2019in kurulu\u015funun 102. y\u0131l d\u00f6n\u00fcm\u00fc, Cumhuriyet Meydan\u0131\u2019nda d\u00fczenlenen g\u00f6rkemli ve co\u015fkulu bir t\u00f6renle kutland\u0131. Kutlamalar, kurum ara\u00e7lar\u0131n\u0131n ge\u00e7i\u015fiyle sona erdi.<\/p>\n<p>Cumhuriyet Bayram\u0131 kutlamalar\u0131, sabah saatlerinde Mu\u011fla Cumhuriyet Meydan\u0131\u2019nda ger\u00e7ekle\u015ftirildi. T\u00f6rene Mu\u011fla Valisi Dr. \u0130dris Akb\u0131y\u0131k, Garnizon Komutan\u0131 Koramiral Rafet Oktar ve Mu\u011fla B\u00fcy\u00fck\u015fehir Belediye Ba\u015fkan\u0131 Ahmet Aras kat\u0131larak \u00f6\u011frencilerin ve halk\u0131n bayram\u0131n\u0131 kutlad\u0131.<\/p>\n<p>Vali Akb\u0131y\u0131k: &#8220;Bug\u00fcn bizim en b\u00fcy\u00fck bayram\u0131m\u0131z&#8221;<br \/>\n<br \/>G\u00fcn\u00fcn anlam ve \u00f6nemini belirten konu\u015fmay\u0131 ger\u00e7ekle\u015ftiren Mu\u011fla Valisi Dr. \u0130dris Akb\u0131y\u0131k, b\u00fcy\u00fck bir heyecan ve gururla konu\u015fmas\u0131na ba\u015flad\u0131. Vali Akb\u0131y\u0131k: &#8220;Bug\u00fcn Gazi Mustafa Kemal Atat\u00fcrk\u2019\u00fcn &#8220;Benim en b\u00fcy\u00fck eserim&#8221; dedi\u011fi Cumhuriyetimizin 102. y\u0131l d\u00f6n\u00fcm\u00fcn\u00fc hep birlikte kutlaman\u0131n heyecan\u0131n\u0131, co\u015fkusunu ve gururunu ya\u015f\u0131yoruz. Hepinizi en i\u00e7ten duygularla sevgi ve sayg\u0131yla selaml\u0131yorum. Bug\u00fcn bizim en b\u00fcy\u00fck bayram\u0131m\u0131z. Cumhuriyet Bayram\u0131m\u0131z kutlu olsun&#8221; ifadelerini kulland\u0131.<\/p>\n<p>Konu\u015fmas\u0131nda Cumhuriyet\u2019in tan\u0131m\u0131na ve \u00f6nemine vurgu yapan Vali Akb\u0131y\u0131k, Cumhuriyet\u2019in sadece bir y\u00f6netim \u015fekli de\u011fil, milletin kadim ge\u00e7mi\u015finden gelen bir k\u00f6k oldu\u011funu belirterek, &#8220;Cumhuriyet, damarlar\u0131m\u0131zda dola\u015fan kand\u0131r. Onu \u015fan ve \u015ferefle her zerremizde ya\u015famaya ve ya\u015fatmaya devam edece\u011fiz&#8221; dedi.<\/p>\n<p>T\u00fcrkiye Cumhuriyeti\u2019nin g\u00fcc\u00fcn\u00fc milletinden alan k\u00f6kl\u00fc bir devlet oldu\u011funu dile getiren Vali Akb\u0131y\u0131k, T\u00fcrkiye Y\u00fczy\u0131l\u0131 hedeflerine kararl\u0131l\u0131kla y\u00fcr\u00fcd\u00fcklerini s\u00f6yledi. \u00d6zellikle savunma sanayisindeki sistemlerden b\u00fcy\u00fck gurur duyuldu\u011funu ve g\u00f6n\u00fcl co\u011frafyas\u0131nda mazlumlar\u0131n umudu olmaya devam edilece\u011fini s\u00f6zlerine ekledi.<\/p>\n<p>Vali Akb\u0131y\u0131k, konu\u015fmas\u0131n\u0131n \u00f6nemli bir b\u00f6l\u00fcm\u00fcn\u00fc gen\u00e7lere ay\u0131rd\u0131 ve onlara duyulan g\u00fcveni hat\u0131rlatt\u0131: &#8220;Gazi Mustafa Kemal Atat\u00fcrk, &#8220;Ey y\u00fckselen yeni nesil, istikbal sizsiniz. Cumhuriyeti biz kurduk, onu y\u00fckseltecek ve ya\u015fatacak olan sizlersiniz!&#8221; s\u00f6zleriyle sizlere duyulan g\u00fcveni en g\u00fczel \u015fekilde ifade etmi\u015ftir.&#8221; Gen\u00e7lerin, \u00fclkeyi muas\u0131r medeniyetler seviyesinin \u00fczerine \u00e7\u0131karma hedefini ger\u00e7ekle\u015ftirmek i\u00e7in \u00e7ok \u00e7al\u0131\u015fmas\u0131 gerekti\u011fini ve en \u00f6ncelikli g\u00f6revlerinin &#8220;T\u00fcrk \u0130stikbalini ve T\u00fcrkiye Cumhuriyetini sonsuza dek korumak ve ya\u015fatmak&#8221; oldu\u011funu vurgulad\u0131.<\/p>\n<p>Vali Dr. \u0130dris Akb\u0131y\u0131k\u2019\u0131n konu\u015fmas\u0131n\u0131n ard\u0131ndan halk oyunlar\u0131 g\u00f6sterisi, \u00f6\u011frencilerin, \u00e7e\u015fitli kurum personellerinin ve \u00e7e\u015fitli kurumlar\u0131n ara\u00e7 ge\u00e7i\u015fiyle co\u015fkulu t\u00f6ren sona erdi.<br \/><\/p>\n","protected":false},"excerpt":{"rendered":"<p>MU\u011eLA (\u0130HA) \u2013 Mu\u011fla\u2019da Cumhuriyet\u2019in kurulu\u015funun 102. y\u0131l d\u00f6n\u00fcm\u00fc, Cumhuriyet Meydan\u0131\u2019nda d\u00fczenlenen g\u00f6rkemli ve co\u015fkulu bir t\u00f6renle kutland\u0131. Kutlamalar, kurum ara\u00e7lar\u0131n\u0131n ge\u00e7i\u015fiyle sona erdi. Cumhuriyet Bayram\u0131 kutlamalar\u0131, sabah saatlerinde Mu\u011fla Cumhuriyet Meydan\u0131\u2019nda ger\u00e7ekle\u015ftirildi. T\u00f6rene Mu\u011fla Valisi Dr. \u0130dris Akb\u0131y\u0131k, Garnizon Komutan\u0131 Koramiral Rafet Oktar ve Mu\u011fla B\u00fcy\u00fck\u015fehir Belediye Ba\u015fkan\u0131 Ahmet Aras kat\u0131larak \u00f6\u011frencilerin ve halk\u0131n&#8230;<\/p>\n","protected":false},"author":1,"featured_media":64558,"comment_status":"open","ping_status":"open","sticky":false,"template":"","format":"standard","meta":{"_crdt_document":"","footnotes":""},"categories":[1],"tags":[],"class_list":["post-64557","post","type-post","status-publish","format-standard","has-post-thumbnail","hentry","category-guncel"],"_links":{"self":[{"href":"https:\/\/www.egemtv.com\/index.php?rest_route=\/wp\/v2\/posts\/64557","targetHints":{"allow":["GET"]}}],"collection":[{"href":"https:\/\/www.egemtv.com\/index.php?rest_route=\/wp\/v2\/posts"}],"about":[{"href":"https:\/\/www.egemtv.com\/index.php?rest_route=\/wp\/v2\/types\/post"}],"author":[{"embeddable":true,"href":"https:\/\/www.egemtv.com\/index.php?rest_route=\/wp\/v2\/users\/1"}],"replies":[{"embeddable":true,"href":"https:\/\/www.egemtv.com\/index.php?rest_route=%2Fwp%2Fv2%2Fcomments&post=64557"}],"version-history":[{"count":1,"href":"https:\/\/www.egemtv.com\/index.php?rest_route=\/wp\/v2\/posts\/64557\/revisions"}],"predecessor-version":[{"id":64559,"href":"https:\/\/www.egemtv.com\/index.php?rest_route=\/wp\/v2\/posts\/64557\/revisions\/64559"}],"wp:featuredmedia":[{"embeddable":true,"href":"https:\/\/www.egemtv.com\/index.php?rest_route=\/wp\/v2\/media\/64558"}],"wp:attachment":[{"href":"https:\/\/www.egemtv.com\/index.php?rest_route=%2Fwp%2Fv2%2Fmedia&parent=64557"}],"wp:term":[{"taxonomy":"category","embeddable":true,"href":"https:\/\/www.egemtv.com\/index.php?rest_route=%2Fwp%2Fv2%2Fcategories&post=64557"},{"taxonomy":"post_tag","embeddable":true,"href":"https:\/\/www.egemtv.com\/index.php?rest_route=%2Fwp%2Fv2%2Ftags&post=64557"}],"curies":[{"name":"wp","href":"https:\/\/api.w.org\/{rel}","templated":true}]}}