{"id":64554,"date":"2025-10-29T12:55:52","date_gmt":"2025-10-29T09:55:52","guid":{"rendered":"https:\/\/www.egemtv.com\/?p=64554"},"modified":"2025-10-29T12:55:53","modified_gmt":"2025-10-29T09:55:53","slug":"sahil-guvenlik-botu-ziyarete-acildi","status":"publish","type":"post","link":"https:\/\/www.egemtv.com\/?p=64554","title":{"rendered":"Sahil G\u00fcvenlik Botu ziyarete a\u00e7\u0131ld\u0131"},"content":{"rendered":"<p>Cumhuriyet\u2019in kurulu\u015funun 102.y\u0131ld\u00f6n\u00fcm\u00fc dolay\u0131s\u0131yla Ayd\u0131n\u2019\u0131n Ku\u015fadas\u0131 il\u00e7esinde Sahil G\u00fcvenlik Botu vatanda\u015flar\u0131n ziyaretine a\u00e7\u0131ld\u0131.<\/p>\n<p>Ku\u015fadas\u0131 Kaymakaml\u0131\u011f\u0131\u2019ndan yap\u0131lan a\u00e7\u0131klamada, &#8220;Cumhuriyetimizin kurulu\u015funun 102. y\u0131l\u0131 kapsam\u0131nda, Sahil G\u00fcvenlik Ku\u015fadas\u0131 Karakol Komutanl\u0131\u011f\u0131na ba\u011fl\u0131; TCSG-909 Sahil G\u00fcvenlik botu, \u00c7ar\u015famba 09.00-17.00 saatlerinde Marina Sahil G\u00fcvenlik \u0130skelesinde ziyarete a\u00e7\u0131lacakt\u0131r. T\u00fcm halk\u0131m\u0131z davetlidir&#8221; denildi.<br \/><\/p>\n","protected":false},"excerpt":{"rendered":"<p>Cumhuriyet\u2019in kurulu\u015funun 102.y\u0131ld\u00f6n\u00fcm\u00fc dolay\u0131s\u0131yla Ayd\u0131n\u2019\u0131n Ku\u015fadas\u0131 il\u00e7esinde Sahil G\u00fcvenlik Botu vatanda\u015flar\u0131n ziyaretine a\u00e7\u0131ld\u0131. Ku\u015fadas\u0131 Kaymakaml\u0131\u011f\u0131\u2019ndan yap\u0131lan a\u00e7\u0131klamada, &#8220;Cumhuriyetimizin kurulu\u015funun 102. y\u0131l\u0131 kapsam\u0131nda, Sahil G\u00fcvenlik Ku\u015fadas\u0131 Karakol Komutanl\u0131\u011f\u0131na ba\u011fl\u0131; TCSG-909 Sahil G\u00fcvenlik botu, \u00c7ar\u015famba 09.00-17.00 saatlerinde Marina Sahil G\u00fcvenlik \u0130skelesinde ziyarete a\u00e7\u0131lacakt\u0131r. T\u00fcm halk\u0131m\u0131z davetlidir&#8221; denildi.<\/p>\n","protected":false},"author":1,"featured_media":64555,"comment_status":"open","ping_status":"open","sticky":false,"template":"","format":"standard","meta":{"_crdt_document":"","footnotes":""},"categories":[1],"tags":[],"class_list":["post-64554","post","type-post","status-publish","format-standard","has-post-thumbnail","hentry","category-guncel"],"_links":{"self":[{"href":"https:\/\/www.egemtv.com\/index.php?rest_route=\/wp\/v2\/posts\/64554","targetHints":{"allow":["GET"]}}],"collection":[{"href":"https:\/\/www.egemtv.com\/index.php?rest_route=\/wp\/v2\/posts"}],"about":[{"href":"https:\/\/www.egemtv.com\/index.php?rest_route=\/wp\/v2\/types\/post"}],"author":[{"embeddable":true,"href":"https:\/\/www.egemtv.com\/index.php?rest_route=\/wp\/v2\/users\/1"}],"replies":[{"embeddable":true,"href":"https:\/\/www.egemtv.com\/index.php?rest_route=%2Fwp%2Fv2%2Fcomments&post=64554"}],"version-history":[{"count":1,"href":"https:\/\/www.egemtv.com\/index.php?rest_route=\/wp\/v2\/posts\/64554\/revisions"}],"predecessor-version":[{"id":64556,"href":"https:\/\/www.egemtv.com\/index.php?rest_route=\/wp\/v2\/posts\/64554\/revisions\/64556"}],"wp:featuredmedia":[{"embeddable":true,"href":"https:\/\/www.egemtv.com\/index.php?rest_route=\/wp\/v2\/media\/64555"}],"wp:attachment":[{"href":"https:\/\/www.egemtv.com\/index.php?rest_route=%2Fwp%2Fv2%2Fmedia&parent=64554"}],"wp:term":[{"taxonomy":"category","embeddable":true,"href":"https:\/\/www.egemtv.com\/index.php?rest_route=%2Fwp%2Fv2%2Fcategories&post=64554"},{"taxonomy":"post_tag","embeddable":true,"href":"https:\/\/www.egemtv.com\/index.php?rest_route=%2Fwp%2Fv2%2Ftags&post=64554"}],"curies":[{"name":"wp","href":"https:\/\/api.w.org\/{rel}","templated":true}]}}