{"id":64548,"date":"2025-10-29T12:36:10","date_gmt":"2025-10-29T09:36:10","guid":{"rendered":"https:\/\/www.egemtv.com\/?p=64548"},"modified":"2025-10-29T12:36:11","modified_gmt":"2025-10-29T09:36:11","slug":"baskan-gunelden-is-birligi-cagrisi","status":"publish","type":"post","link":"https:\/\/www.egemtv.com\/?p=64548","title":{"rendered":"Ba\u015fkan G\u00fcnel\u2019den i\u015f birli\u011fi \u00e7a\u011fr\u0131s\u0131"},"content":{"rendered":"<p>Ku\u015fadas\u0131 Profesyonel A\u015f\u00e7\u0131lar Derne\u011fi\u2019nin (KUPAD) y\u0131lsonu de\u011ferlendirme toplant\u0131s\u0131nda konu\u015fan Belediye Ba\u015fkan\u0131 \u00d6mer G\u00fcnel, &#8220;Ku\u015fadas\u0131 mutfa\u011f\u0131n\u0131 \u00f6n plana \u00e7\u0131karacak iki b\u00fcy\u00fck projeyi birlikte hayata ge\u00e7irelim&#8221; diyerek \u00f6nemli bir i\u015f birli\u011fi \u00e7a\u011fr\u0131s\u0131nda bulundu.<\/p>\n<p>Toplant\u0131, yo\u011fun bir kat\u0131l\u0131mla ger\u00e7ekle\u015ftirildi. Programa Ku\u015fadas\u0131 Kaymakam\u0131 \u0130brahim Keklik, Ba\u015fkan \u00d6mer G\u00fcnel, sivil toplum kurulu\u015flar\u0131 temsilcileri, oda ba\u015fkanlar\u0131, sponsor firma yetkilileri ve \u00e7ok say\u0131da davetli kat\u0131ld\u0131.<\/p>\n<p>KUPAD Ba\u015fkan\u0131 Ayd\u0131n S\u00fcrer, bir y\u0131ll\u0131k faaliyetleri de\u011ferlendirdi ve gelecek d\u00f6nemde hayata ge\u00e7irmeyi planlad\u0131klar\u0131 projeleri tan\u0131tt\u0131. S\u00fcrer, &#8220;Ge\u00e7mi\u015ften G\u00fcn\u00fcm\u00fcze Ku\u015fadas\u0131 ve Ayd\u0131n Mutfa\u011f\u0131 Sempozyumu&#8221;, &#8220;KUPAD Meslek ve Mutfak Sanatlar\u0131 Akademisi&#8221; ile profesyonel \u015fefler taraf\u0131ndan haz\u0131rlanacak \u00e7evrimi\u00e7i yemek e\u011fitimleri ve workshoplar\u0131n yay\u0131nlanaca\u011f\u0131 KUPAD TV projelerini aktard\u0131. Konu\u015fmas\u0131n\u0131 birlik ve beraberlik vurgusuyla tamamlayan S\u00fcrer, &#8220;Yeni d\u00f6nemde yepyeni projelerle b\u00fcy\u00fck bir hamle hedefliyoruz. Bug\u00fcn burada bizlerle olup destek veren herkese te\u015fekk\u00fcr ederim&#8221; dedi.<\/p>\n<p>&#8220;Ku\u015fadas\u0131 mutfa\u011f\u0131n\u0131 d\u00fcnyaya tan\u0131tacak projelere birlikte imza atal\u0131m&#8221;<br \/>\n<br \/>K\u00fcrs\u00fcye \u00e7\u0131kan Ba\u015fkan \u00d6mer G\u00fcnel, KUPAD\u2019\u0131n \u00e7al\u0131\u015fmalar\u0131n\u0131 takdirle kar\u015f\u0131lad\u0131\u011f\u0131n\u0131 belirterek, derne\u011fe te\u015fekk\u00fcr etti. G\u00fcnel, &#8220;KUPAD Derne\u011fimiz tam 6 y\u0131ld\u0131r bu organizasyonu ba\u015far\u0131yla s\u00fcrd\u00fcr\u00fcyor. Farkl\u0131 kesimlerden b\u00fcrokratlar\u0131, sivil toplum \u00f6rg\u00fctlerini ve oda ba\u015fkanlar\u0131n\u0131 bir araya getirmek kolay bir i\u015f de\u011fil. Bu nedenle Ba\u015fkan\u0131m\u0131z Ayd\u0131n S\u00fcrer ve y\u00f6netim kurulu \u00fcyelerini g\u00f6n\u00fclden kutluyorum&#8221; dedi.<\/p>\n<p>\u00d6mer G\u00fcnel, KUPAD\u2019\u0131n s\u00f6z\u00fcn\u00fc etti\u011fi iki projeyi \u00f6zellikle \u00f6nemsedi\u011fini vurgulayarak, &#8220;Ba\u015fkan\u0131m\u0131z\u0131n bahsetti\u011fi iki g\u00fczel fikir var: Birincisi Ku\u015fadas\u0131 yemekleri \u00fczerine yap\u0131lacak sempozyum, ikincisi ise Mutfak Sanatlar\u0131 At\u00f6lyesi. Bu d\u00fc\u015f\u00fcnceler, bizim de hayallerimizle birebir \u00f6rt\u00fc\u015f\u00fcyor. E\u011fer derne\u011fimiz kabul ederse, bu iki projeyi birlikte hayata ge\u00e7irelim. B\u00f6ylece Ku\u015fadas\u0131 Belediyesi ve KUPAD ortak imzal\u0131 iki \u00f6nemli projeyi kentimize kazand\u0131rm\u0131\u015f olur&#8221; dedi.<\/p>\n<p>Toplant\u0131n\u0131n ard\u0131ndan kat\u0131l\u0131mc\u0131lar, yerel mutfak k\u00fclt\u00fcr\u00fcn\u00fcn korunmas\u0131, nitelikli a\u015f\u00e7\u0131lar\u0131n yeti\u015ftirilmesi ve gastronomi turizminin geli\u015ftirilmesi i\u00e7in yap\u0131labilecek i\u015f birlikleri \u00fczerine fikir al\u0131\u015fveri\u015finde bulundu.<br \/><\/p>\n","protected":false},"excerpt":{"rendered":"<p>Ku\u015fadas\u0131 Profesyonel A\u015f\u00e7\u0131lar Derne\u011fi\u2019nin (KUPAD) y\u0131lsonu de\u011ferlendirme toplant\u0131s\u0131nda konu\u015fan Belediye Ba\u015fkan\u0131 \u00d6mer G\u00fcnel, &#8220;Ku\u015fadas\u0131 mutfa\u011f\u0131n\u0131 \u00f6n plana \u00e7\u0131karacak iki b\u00fcy\u00fck projeyi birlikte hayata ge\u00e7irelim&#8221; diyerek \u00f6nemli bir i\u015f birli\u011fi \u00e7a\u011fr\u0131s\u0131nda bulundu. Toplant\u0131, yo\u011fun bir kat\u0131l\u0131mla ger\u00e7ekle\u015ftirildi. Programa Ku\u015fadas\u0131 Kaymakam\u0131 \u0130brahim Keklik, Ba\u015fkan \u00d6mer G\u00fcnel, sivil toplum kurulu\u015flar\u0131 temsilcileri, oda ba\u015fkanlar\u0131, sponsor firma yetkilileri ve \u00e7ok&#8230;<\/p>\n","protected":false},"author":1,"featured_media":64549,"comment_status":"open","ping_status":"open","sticky":false,"template":"","format":"standard","meta":{"_crdt_document":"","footnotes":""},"categories":[125],"tags":[],"class_list":["post-64548","post","type-post","status-publish","format-standard","has-post-thumbnail","hentry","category-ekonomi"],"_links":{"self":[{"href":"https:\/\/www.egemtv.com\/index.php?rest_route=\/wp\/v2\/posts\/64548","targetHints":{"allow":["GET"]}}],"collection":[{"href":"https:\/\/www.egemtv.com\/index.php?rest_route=\/wp\/v2\/posts"}],"about":[{"href":"https:\/\/www.egemtv.com\/index.php?rest_route=\/wp\/v2\/types\/post"}],"author":[{"embeddable":true,"href":"https:\/\/www.egemtv.com\/index.php?rest_route=\/wp\/v2\/users\/1"}],"replies":[{"embeddable":true,"href":"https:\/\/www.egemtv.com\/index.php?rest_route=%2Fwp%2Fv2%2Fcomments&post=64548"}],"version-history":[{"count":1,"href":"https:\/\/www.egemtv.com\/index.php?rest_route=\/wp\/v2\/posts\/64548\/revisions"}],"predecessor-version":[{"id":64550,"href":"https:\/\/www.egemtv.com\/index.php?rest_route=\/wp\/v2\/posts\/64548\/revisions\/64550"}],"wp:featuredmedia":[{"embeddable":true,"href":"https:\/\/www.egemtv.com\/index.php?rest_route=\/wp\/v2\/media\/64549"}],"wp:attachment":[{"href":"https:\/\/www.egemtv.com\/index.php?rest_route=%2Fwp%2Fv2%2Fmedia&parent=64548"}],"wp:term":[{"taxonomy":"category","embeddable":true,"href":"https:\/\/www.egemtv.com\/index.php?rest_route=%2Fwp%2Fv2%2Fcategories&post=64548"},{"taxonomy":"post_tag","embeddable":true,"href":"https:\/\/www.egemtv.com\/index.php?rest_route=%2Fwp%2Fv2%2Ftags&post=64548"}],"curies":[{"name":"wp","href":"https:\/\/api.w.org\/{rel}","templated":true}]}}