{"id":64545,"date":"2025-10-29T12:36:09","date_gmt":"2025-10-29T09:36:09","guid":{"rendered":"https:\/\/www.egemtv.com\/?p=64545"},"modified":"2025-10-29T12:36:10","modified_gmt":"2025-10-29T09:36:10","slug":"minik-izciler-cumhuriyet-bayramini-farkli-bir-etkinlikle-kutladi","status":"publish","type":"post","link":"https:\/\/www.egemtv.com\/?p=64545","title":{"rendered":"Minik izciler Cumhuriyet Bayram\u0131n\u0131 farkl\u0131 bir etkinlikle kutlad\u0131"},"content":{"rendered":"<p>Afyonkarahisar Sand\u0131kl\u0131 Cumhuriyet Ortaokulu H\u00fcdai \u0130zcileri 29 Ekim Cumhuriyet Bayram\u0131 m\u00fcnasebeti ile K\u0131z\u0131k k\u00f6y\u00fcnde Cumhuriyet\u2019in \u0130zcileri temal\u0131 do\u011fa y\u00fcr\u00fcy\u00fc\u015f\u00fc ger\u00e7ekle\u015ftirdi.<br \/>\n<br \/>10-14 ya\u015f grubu 30 izci, Liderleri Erc\u00fcment G\u00f6kyar ve Cennet Y\u0131ld\u0131r\u0131m  e\u015fli\u011finde e\u011fitim \u00e7al\u0131\u015fmalar\u0131n\u0131 duvarlar aras\u0131ndan \u00e7\u0131kar\u0131p do\u011faya ta\u015f\u0131d\u0131lar. K\u0131z\u0131k \u015eelalesi mevkiinde T\u00fcrk bayra\u011f\u0131n\u0131 dalgaland\u0131ran izcileri yar\u0131\u015fma oyunlar ve e\u011fitici do\u011fa gezileri ile Cumhuriyet Bayram\u0131n\u0131 kutlad\u0131lar.<br \/><\/p>\n","protected":false},"excerpt":{"rendered":"<p>Afyonkarahisar Sand\u0131kl\u0131 Cumhuriyet Ortaokulu H\u00fcdai \u0130zcileri 29 Ekim Cumhuriyet Bayram\u0131 m\u00fcnasebeti ile K\u0131z\u0131k k\u00f6y\u00fcnde Cumhuriyet\u2019in \u0130zcileri temal\u0131 do\u011fa y\u00fcr\u00fcy\u00fc\u015f\u00fc ger\u00e7ekle\u015ftirdi. 10-14 ya\u015f grubu 30 izci, Liderleri Erc\u00fcment G\u00f6kyar ve Cennet Y\u0131ld\u0131r\u0131m e\u015fli\u011finde e\u011fitim \u00e7al\u0131\u015fmalar\u0131n\u0131 duvarlar aras\u0131ndan \u00e7\u0131kar\u0131p do\u011faya ta\u015f\u0131d\u0131lar. K\u0131z\u0131k \u015eelalesi mevkiinde T\u00fcrk bayra\u011f\u0131n\u0131 dalgaland\u0131ran izcileri yar\u0131\u015fma oyunlar ve e\u011fitici do\u011fa gezileri ile Cumhuriyet Bayram\u0131n\u0131&#8230;<\/p>\n","protected":false},"author":1,"featured_media":64546,"comment_status":"open","ping_status":"open","sticky":false,"template":"","format":"standard","meta":{"_crdt_document":"","footnotes":""},"categories":[1],"tags":[],"class_list":["post-64545","post","type-post","status-publish","format-standard","has-post-thumbnail","hentry","category-guncel"],"_links":{"self":[{"href":"https:\/\/www.egemtv.com\/index.php?rest_route=\/wp\/v2\/posts\/64545","targetHints":{"allow":["GET"]}}],"collection":[{"href":"https:\/\/www.egemtv.com\/index.php?rest_route=\/wp\/v2\/posts"}],"about":[{"href":"https:\/\/www.egemtv.com\/index.php?rest_route=\/wp\/v2\/types\/post"}],"author":[{"embeddable":true,"href":"https:\/\/www.egemtv.com\/index.php?rest_route=\/wp\/v2\/users\/1"}],"replies":[{"embeddable":true,"href":"https:\/\/www.egemtv.com\/index.php?rest_route=%2Fwp%2Fv2%2Fcomments&post=64545"}],"version-history":[{"count":1,"href":"https:\/\/www.egemtv.com\/index.php?rest_route=\/wp\/v2\/posts\/64545\/revisions"}],"predecessor-version":[{"id":64547,"href":"https:\/\/www.egemtv.com\/index.php?rest_route=\/wp\/v2\/posts\/64545\/revisions\/64547"}],"wp:featuredmedia":[{"embeddable":true,"href":"https:\/\/www.egemtv.com\/index.php?rest_route=\/wp\/v2\/media\/64546"}],"wp:attachment":[{"href":"https:\/\/www.egemtv.com\/index.php?rest_route=%2Fwp%2Fv2%2Fmedia&parent=64545"}],"wp:term":[{"taxonomy":"category","embeddable":true,"href":"https:\/\/www.egemtv.com\/index.php?rest_route=%2Fwp%2Fv2%2Fcategories&post=64545"},{"taxonomy":"post_tag","embeddable":true,"href":"https:\/\/www.egemtv.com\/index.php?rest_route=%2Fwp%2Fv2%2Ftags&post=64545"}],"curies":[{"name":"wp","href":"https:\/\/api.w.org\/{rel}","templated":true}]}}