{"id":64536,"date":"2025-10-29T12:36:07","date_gmt":"2025-10-29T09:36:07","guid":{"rendered":"https:\/\/www.egemtv.com\/?p=64536"},"modified":"2025-10-29T12:36:07","modified_gmt":"2025-10-29T09:36:07","slug":"aydinda-sivil-toplum-dijital-caga-ayak-uyduracak","status":"publish","type":"post","link":"https:\/\/www.egemtv.com\/?p=64536","title":{"rendered":"Ayd\u0131n\u2019da sivil toplum dijital \u00e7a\u011fa ayak uyduracak"},"content":{"rendered":"<p>Teknoloji ve Siber Ya\u015fam Derne\u011fi (TES\u0130YAD) ile Ayd\u0131n Sivil Toplum Platformu (ASTO) aras\u0131nda imzalanan protokol, sivil toplum kurulu\u015flar\u0131n\u0131n dijital \u00e7a\u011fa uyumunu h\u0131zland\u0131racak.<br \/>\n<br \/>Ayd\u0131n\u2019da dijital d\u00f6n\u00fc\u015f\u00fcm s\u00fcrecine \u00f6nc\u00fcl\u00fck edecek \u00f6nemli bir ad\u0131m at\u0131ld\u0131. Teknoloji ve Siber Ya\u015fam Derne\u011fi (TES\u0130YAD) ile Ayd\u0131n Sivil Toplum Platformu (ASTO), sivil toplum kurulu\u015flar\u0131n\u0131n dijitalle\u015fmesi, siber g\u00fcvenli\u011fin g\u00fc\u00e7lendirilmesi ve dijital okuryazarl\u0131\u011f\u0131n art\u0131r\u0131lmas\u0131 amac\u0131yla kapsaml\u0131 bir i\u015f birli\u011fi protokol\u00fc imzalad\u0131. 22 Ekim 2025 tarihinde y\u00fcr\u00fcrl\u00fc\u011fe giren ve \u00fc\u00e7 y\u0131l boyunca (2025-2028) devam edecek olan protokol, siber g\u00fcvenlik e\u011fitimlerinden yapay zeka projelerine, dijital dan\u0131\u015fmanl\u0131klardan web platformu geli\u015ftirme \u00e7al\u0131\u015fmalar\u0131na kadar geni\u015f bir alan\u0131 kapsad\u0131\u011f\u0131 belirtildi.<br \/>\n<br \/>Dernek Ba\u015fkan\u0131 Togay \u00dcnl\u00fc, yapt\u0131\u011f\u0131 a\u00e7\u0131klamada dijital d\u00f6n\u00fc\u015f\u00fcm\u00fcn toplumsal geli\u015fim a\u00e7\u0131s\u0131ndan kritik \u00f6nemde oldu\u011funu belirterek, &#8220;Bu protokol, Ayd\u0131n\u2019da sivil toplumun dijital \u00e7a\u011fa uyum s\u00fcrecinde at\u0131lm\u0131\u015f \u00e7ok \u00f6nemli bir ad\u0131md\u0131r. Hedefimiz, toplumun her kesiminde dijital fark\u0131ndal\u0131k olu\u015fturmak ve sivil toplumun teknolojik kapasitesini art\u0131rmakt\u0131r&#8221; dedi.<br \/>\n<br \/>\u00dcnl\u00fc, ayr\u0131ca teknolojinin sadece bir ara\u00e7 de\u011fil, toplumsal dayan\u0131\u015fman\u0131n temel unsuru oldu\u011funu vurgulayarak &#8220;E\u011fitimden yapay zekaya, dijital altyap\u0131dan sosyal medyaya kadar ortak bir sinerji olu\u015fturmay\u0131 ama\u00e7l\u0131yoruz. Bu i\u015f birli\u011fiyle Ayd\u0131n, dijitalle\u015fme s\u00fcrecinde \u00f6rnek bir \u015fehir haline gelecek&#8221; \u015feklinde konu\u015ftu.<br \/>\n<br \/>&#8220;Dijital d\u00f6n\u00fc\u015f\u00fcm art\u0131k bir tercih de\u011fil zorunluluk&#8221;<br \/>\n<br \/>Ayd\u0131n Sivil Toplum Platformu Ba\u015fkan\u0131 Veli Tiryaki ise dijital d\u00f6n\u00fc\u015f\u00fcm\u00fcn art\u0131k bir tercih de\u011fil zorunluluk haline geldi\u011fini belirterek &#8220;ASTO olarak 125 derne\u011fi kapsayan bir g\u00fc\u00e7 birli\u011fimiz var. Her birinin teknolojik gerekliliklere uygun \u015fekilde d\u00f6n\u00fc\u015fmesi gerekti\u011fine inan\u0131yoruz. TES\u0130YAD\u2019\u0131n teknik bilgi birikimiyle sahadaki g\u00fcc\u00fcm\u00fcz\u00fc birle\u015ftirerek, sivil toplumun dijital d\u00fcnyada daha etkin, g\u00fcvenli ve s\u00fcrd\u00fcr\u00fclebilir hale gelmesini sa\u011flayaca\u011f\u0131z&#8221; dedi.<br \/>\n<br \/>Protokol \u00e7er\u00e7evesinde taraflar\u0131n, \u00e7evrim i\u00e7i kurslar, seminerler ve sosyal sorumluluk projeleri ger\u00e7ekle\u015ftirece\u011fi dijital altyap\u0131lar\u0131n\u0131 g\u00fc\u00e7lendirecek hem de toplum genelinde dijital g\u00fcvenlik bilincini art\u0131rmay\u0131 hedefledikleri belirtildi.<br \/><\/p>\n","protected":false},"excerpt":{"rendered":"<p>Teknoloji ve Siber Ya\u015fam Derne\u011fi (TES\u0130YAD) ile Ayd\u0131n Sivil Toplum Platformu (ASTO) aras\u0131nda imzalanan protokol, sivil toplum kurulu\u015flar\u0131n\u0131n dijital \u00e7a\u011fa uyumunu h\u0131zland\u0131racak. Ayd\u0131n\u2019da dijital d\u00f6n\u00fc\u015f\u00fcm s\u00fcrecine \u00f6nc\u00fcl\u00fck edecek \u00f6nemli bir ad\u0131m at\u0131ld\u0131. Teknoloji ve Siber Ya\u015fam Derne\u011fi (TES\u0130YAD) ile Ayd\u0131n Sivil Toplum Platformu (ASTO), sivil toplum kurulu\u015flar\u0131n\u0131n dijitalle\u015fmesi, siber g\u00fcvenli\u011fin g\u00fc\u00e7lendirilmesi ve dijital okuryazarl\u0131\u011f\u0131n art\u0131r\u0131lmas\u0131&#8230;<\/p>\n","protected":false},"author":1,"featured_media":64537,"comment_status":"open","ping_status":"open","sticky":false,"template":"","format":"standard","meta":{"_crdt_document":"","footnotes":""},"categories":[124],"tags":[],"class_list":["post-64536","post","type-post","status-publish","format-standard","has-post-thumbnail","hentry","category-bilim"],"_links":{"self":[{"href":"https:\/\/www.egemtv.com\/index.php?rest_route=\/wp\/v2\/posts\/64536","targetHints":{"allow":["GET"]}}],"collection":[{"href":"https:\/\/www.egemtv.com\/index.php?rest_route=\/wp\/v2\/posts"}],"about":[{"href":"https:\/\/www.egemtv.com\/index.php?rest_route=\/wp\/v2\/types\/post"}],"author":[{"embeddable":true,"href":"https:\/\/www.egemtv.com\/index.php?rest_route=\/wp\/v2\/users\/1"}],"replies":[{"embeddable":true,"href":"https:\/\/www.egemtv.com\/index.php?rest_route=%2Fwp%2Fv2%2Fcomments&post=64536"}],"version-history":[{"count":1,"href":"https:\/\/www.egemtv.com\/index.php?rest_route=\/wp\/v2\/posts\/64536\/revisions"}],"predecessor-version":[{"id":64538,"href":"https:\/\/www.egemtv.com\/index.php?rest_route=\/wp\/v2\/posts\/64536\/revisions\/64538"}],"wp:featuredmedia":[{"embeddable":true,"href":"https:\/\/www.egemtv.com\/index.php?rest_route=\/wp\/v2\/media\/64537"}],"wp:attachment":[{"href":"https:\/\/www.egemtv.com\/index.php?rest_route=%2Fwp%2Fv2%2Fmedia&parent=64536"}],"wp:term":[{"taxonomy":"category","embeddable":true,"href":"https:\/\/www.egemtv.com\/index.php?rest_route=%2Fwp%2Fv2%2Fcategories&post=64536"},{"taxonomy":"post_tag","embeddable":true,"href":"https:\/\/www.egemtv.com\/index.php?rest_route=%2Fwp%2Fv2%2Ftags&post=64536"}],"curies":[{"name":"wp","href":"https:\/\/api.w.org\/{rel}","templated":true}]}}