{"id":64533,"date":"2025-10-29T12:14:57","date_gmt":"2025-10-29T09:14:57","guid":{"rendered":"https:\/\/www.egemtv.com\/?p=64533"},"modified":"2025-10-29T12:14:58","modified_gmt":"2025-10-29T09:14:58","slug":"sarigol-ve-alasehirde-cumhuriyet-coskusu","status":"publish","type":"post","link":"https:\/\/www.egemtv.com\/?p=64533","title":{"rendered":"Sar\u0131g\u00f6l ve Ala\u015fehir\u2019de cumhuriyet co\u015fkusu"},"content":{"rendered":"<p>Cumhuriyetin 102\u2019nci y\u0131l\u0131 Manisa\u2019n\u0131n Ala\u015fehir ve Sar\u0131g\u00f6l il\u00e7elerinde b\u00fcy\u00fck bir co\u015fkuyla kutland\u0131. \u0130l\u00e7e stadyumlar\u0131nda yap\u0131lan kutlama programlar\u0131 renkli g\u00f6sterilere sahne oldu.<br \/>\n<br \/>Cumhuriyetin 102\u2019nci y\u0131l\u0131 Manisa\u2019n\u0131n Ala\u015fehir ve Sar\u0131g\u00f6l il\u00e7elerinde b\u00fcy\u00fck bir co\u015fku ve kat\u0131l\u0131m ile kutland\u0131. \u0130l\u00e7e stadyumlar\u0131nda ger\u00e7ekle\u015ftirilen t\u00f6renlerde \u00f6\u011frencilerin sundu\u011fu g\u00f6steriler, halk oyunlar\u0131 ve yar\u0131\u015fmalar renkli g\u00f6r\u00fcnt\u00fclere sahne oldu.<\/p>\n<p>Ala\u015fehir\u2019de co\u015fkulu kutlama<br \/>\n<br \/>29 Ekim Cumhuriyet Bayram\u0131 kutlamalar\u0131, Ala\u015fehir Stadyumu\u2019nda d\u00fczenlendi. T\u00f6rene; Ala\u015fehir Kaymakam\u0131 Alper Faruk G\u00fcng\u00f6r, Garnizon Komutan\u0131 Ula\u015ft\u0131rma Albay Atilla Ye\u015filtepe ve Ala\u015fehir Belediye Ba\u015fkan\u0131 Ahmet \u00d6k\u00fczc\u00fco\u011flu kat\u0131larak vatanda\u015flar\u0131n bayram\u0131n\u0131 kutlad\u0131.<br \/>\n<br \/>Sayg\u0131 duru\u015funda bulunulmas\u0131 ve \u0130stiklal Mar\u015f\u0131\u2019n\u0131n okunmas\u0131n\u0131n ard\u0131ndan, g\u00fcn\u00fcn anlam ve \u00f6nemine ili\u015fkin konu\u015fmay\u0131 Kaymakam G\u00fcng\u00f6r yapt\u0131. Program kapsam\u0131nda \u015fiirler okundu, \u00f6\u011frencilerin haz\u0131rlad\u0131\u011f\u0131 g\u00f6steriler ile halk oyunlar\u0131 sergilendi.<br \/>\n<br \/>T\u00f6rende d\u00fczenlenen yar\u0131\u015fmalarda dereceye giren \u00f6\u011frencilere ise \u00f6d\u00fclleri takdim edildi. K\u0131zlar ve erkekler kategorisinde d\u00fczenlenen 400 metre Cumhuriyet Ko\u015fusu\u2019nda k\u0131zlarda: Selahattin Barut\u00e7u Anadolu Lisesi\u2019nden Fadime G\u00fcl Boyac\u0131, erkeklerde: Atat\u00fcrk Anadolu Lisesi\u2019nden Zeki Mert Tanr\u0131verdi birincili\u011fi elde etti.<br \/>\n<br \/>Kutlamalar ge\u00e7it t\u00f6reni ile sona erdi.<\/p>\n<p>Sar\u0131g\u00f6l\u2019de yo\u011fun kat\u0131l\u0131m<br \/>\n<br \/>Sar\u0131g\u00f6l\u2019de Cumhuriyet Bayram\u0131, 4 Eyl\u00fcl Stadyumu\u2019nda co\u015fkuyla kutland\u0131. T\u00f6rene Sar\u0131g\u00f6l Kaymakam\u0131 Halil Dalak, Sar\u0131g\u00f6l Belediye Ba\u015fkan\u0131 Tahsin Akdeniz, \u0130l\u00e7e Milli E\u011fitim M\u00fcd\u00fcr\u00fc Cezmi Y\u0131ld\u0131rak, daire amirleri, \u00f6\u011frenciler ve vatanda\u015flar kat\u0131ld\u0131.<br \/>\n<br \/>Programda \u00f6\u011frenciler taraf\u0131ndan haz\u0131rlanan halk oyunlar\u0131 ve \u00e7e\u015fitli g\u00f6steriler be\u011feni toplad\u0131. D\u00fczenlenen yar\u0131\u015fmalarda dereceye giren \u00f6\u011frencilere hediyeleri verildi.<br \/>\n<br \/>Sar\u0131g\u00f6l T\u0131razlar H\u00fcseyin G\u00fcm\u00fc\u015fl\u00fc \u0130lkokulu\u2019nda da d\u00fczenlenen kutlama etkinliklerinde \u00f6\u011frencilerin sergiledi\u011fi g\u00f6steriler ise izleyenlerden b\u00fcy\u00fck alk\u0131\u015f ald\u0131.<br \/><\/p>\n","protected":false},"excerpt":{"rendered":"<p>Cumhuriyetin 102\u2019nci y\u0131l\u0131 Manisa\u2019n\u0131n Ala\u015fehir ve Sar\u0131g\u00f6l il\u00e7elerinde b\u00fcy\u00fck bir co\u015fkuyla kutland\u0131. \u0130l\u00e7e stadyumlar\u0131nda yap\u0131lan kutlama programlar\u0131 renkli g\u00f6sterilere sahne oldu. Cumhuriyetin 102\u2019nci y\u0131l\u0131 Manisa\u2019n\u0131n Ala\u015fehir ve Sar\u0131g\u00f6l il\u00e7elerinde b\u00fcy\u00fck bir co\u015fku ve kat\u0131l\u0131m ile kutland\u0131. \u0130l\u00e7e stadyumlar\u0131nda ger\u00e7ekle\u015ftirilen t\u00f6renlerde \u00f6\u011frencilerin sundu\u011fu g\u00f6steriler, halk oyunlar\u0131 ve yar\u0131\u015fmalar renkli g\u00f6r\u00fcnt\u00fclere sahne oldu. Ala\u015fehir\u2019de co\u015fkulu kutlama 29&#8230;<\/p>\n","protected":false},"author":1,"featured_media":64534,"comment_status":"open","ping_status":"open","sticky":false,"template":"","format":"standard","meta":{"_crdt_document":"","footnotes":""},"categories":[1],"tags":[],"class_list":["post-64533","post","type-post","status-publish","format-standard","has-post-thumbnail","hentry","category-guncel"],"_links":{"self":[{"href":"https:\/\/www.egemtv.com\/index.php?rest_route=\/wp\/v2\/posts\/64533","targetHints":{"allow":["GET"]}}],"collection":[{"href":"https:\/\/www.egemtv.com\/index.php?rest_route=\/wp\/v2\/posts"}],"about":[{"href":"https:\/\/www.egemtv.com\/index.php?rest_route=\/wp\/v2\/types\/post"}],"author":[{"embeddable":true,"href":"https:\/\/www.egemtv.com\/index.php?rest_route=\/wp\/v2\/users\/1"}],"replies":[{"embeddable":true,"href":"https:\/\/www.egemtv.com\/index.php?rest_route=%2Fwp%2Fv2%2Fcomments&post=64533"}],"version-history":[{"count":1,"href":"https:\/\/www.egemtv.com\/index.php?rest_route=\/wp\/v2\/posts\/64533\/revisions"}],"predecessor-version":[{"id":64535,"href":"https:\/\/www.egemtv.com\/index.php?rest_route=\/wp\/v2\/posts\/64533\/revisions\/64535"}],"wp:featuredmedia":[{"embeddable":true,"href":"https:\/\/www.egemtv.com\/index.php?rest_route=\/wp\/v2\/media\/64534"}],"wp:attachment":[{"href":"https:\/\/www.egemtv.com\/index.php?rest_route=%2Fwp%2Fv2%2Fmedia&parent=64533"}],"wp:term":[{"taxonomy":"category","embeddable":true,"href":"https:\/\/www.egemtv.com\/index.php?rest_route=%2Fwp%2Fv2%2Fcategories&post=64533"},{"taxonomy":"post_tag","embeddable":true,"href":"https:\/\/www.egemtv.com\/index.php?rest_route=%2Fwp%2Fv2%2Ftags&post=64533"}],"curies":[{"name":"wp","href":"https:\/\/api.w.org\/{rel}","templated":true}]}}