{"id":64530,"date":"2025-10-29T12:14:57","date_gmt":"2025-10-29T09:14:57","guid":{"rendered":"https:\/\/www.egemtv.com\/?p=64530"},"modified":"2025-10-29T12:14:57","modified_gmt":"2025-10-29T09:14:57","slug":"devrilen-traktorun-altinda-kalan-surucu-hayatini-kaybetti-3","status":"publish","type":"post","link":"https:\/\/www.egemtv.com\/?p=64530","title":{"rendered":"Devrilen trakt\u00f6r\u00fcn alt\u0131nda kalan s\u00fcr\u00fcc\u00fc hayat\u0131n\u0131 kaybetti"},"content":{"rendered":"<p>Afyonkarahisar\u2019da kontrolden \u00e7\u0131karak devrilen trakt\u00f6r\u00fcn 37 ya\u015f\u0131ndaki s\u00fcr\u00fcc\u00fcs\u00fc hayat\u0131n\u0131 kaybetti.<br \/>\n<br \/>Kaza, Emirda\u011f il\u00e7esi Veysel k\u00f6y\u00fc yak\u0131nlar\u0131nda meydana geldi. Edinilen bilgilere g\u00f6re, Kadir Duran (37) idaresinde 03 HC 983 plakal\u0131 trakt\u00f6r s\u00fcr\u00fcc\u00fcs\u00fcn\u00fcn hen\u00fcz belirlenemeyen bir sebepten \u00f6t\u00fcr\u00fc direksiyon hakimiyetini kaybetmesi sonucu kontrolden \u00e7\u0131kt\u0131. Savrulan ara\u00e7 ard\u0131ndan yol kenar\u0131na devrildi. Kazan\u0131n ard\u0131ndan \u00e7evredekilerin haber vermesi \u00fczerine olay yerine jandarma ve sa\u011fl\u0131k ekipleri sevk edildi. B\u00f6lgeye gelen ekipler talihsiz s\u00fcr\u00fcc\u00fcn\u00fcn devrilen arac\u0131n alt\u0131nda kalarak ya\u015fam\u0131n\u0131 yitirdi\u011fini belirledi.<br \/>\n<br \/>Kazan\u0131n ard\u0131ndan savc\u0131l\u0131k taraf\u0131ndan soru\u015fturma ba\u015flat\u0131ld\u0131\u011f\u0131 bildirildi.<br \/><\/p>\n","protected":false},"excerpt":{"rendered":"<p>Afyonkarahisar\u2019da kontrolden \u00e7\u0131karak devrilen trakt\u00f6r\u00fcn 37 ya\u015f\u0131ndaki s\u00fcr\u00fcc\u00fcs\u00fc hayat\u0131n\u0131 kaybetti. Kaza, Emirda\u011f il\u00e7esi Veysel k\u00f6y\u00fc yak\u0131nlar\u0131nda meydana geldi. Edinilen bilgilere g\u00f6re, Kadir Duran (37) idaresinde 03 HC 983 plakal\u0131 trakt\u00f6r s\u00fcr\u00fcc\u00fcs\u00fcn\u00fcn hen\u00fcz belirlenemeyen bir sebepten \u00f6t\u00fcr\u00fc direksiyon hakimiyetini kaybetmesi sonucu kontrolden \u00e7\u0131kt\u0131. Savrulan ara\u00e7 ard\u0131ndan yol kenar\u0131na devrildi. Kazan\u0131n ard\u0131ndan \u00e7evredekilerin haber vermesi \u00fczerine olay&#8230;<\/p>\n","protected":false},"author":1,"featured_media":64531,"comment_status":"open","ping_status":"open","sticky":false,"template":"","format":"standard","meta":{"_crdt_document":"","footnotes":""},"categories":[5],"tags":[],"class_list":["post-64530","post","type-post","status-publish","format-standard","has-post-thumbnail","hentry","category-asayis"],"_links":{"self":[{"href":"https:\/\/www.egemtv.com\/index.php?rest_route=\/wp\/v2\/posts\/64530","targetHints":{"allow":["GET"]}}],"collection":[{"href":"https:\/\/www.egemtv.com\/index.php?rest_route=\/wp\/v2\/posts"}],"about":[{"href":"https:\/\/www.egemtv.com\/index.php?rest_route=\/wp\/v2\/types\/post"}],"author":[{"embeddable":true,"href":"https:\/\/www.egemtv.com\/index.php?rest_route=\/wp\/v2\/users\/1"}],"replies":[{"embeddable":true,"href":"https:\/\/www.egemtv.com\/index.php?rest_route=%2Fwp%2Fv2%2Fcomments&post=64530"}],"version-history":[{"count":1,"href":"https:\/\/www.egemtv.com\/index.php?rest_route=\/wp\/v2\/posts\/64530\/revisions"}],"predecessor-version":[{"id":64532,"href":"https:\/\/www.egemtv.com\/index.php?rest_route=\/wp\/v2\/posts\/64530\/revisions\/64532"}],"wp:featuredmedia":[{"embeddable":true,"href":"https:\/\/www.egemtv.com\/index.php?rest_route=\/wp\/v2\/media\/64531"}],"wp:attachment":[{"href":"https:\/\/www.egemtv.com\/index.php?rest_route=%2Fwp%2Fv2%2Fmedia&parent=64530"}],"wp:term":[{"taxonomy":"category","embeddable":true,"href":"https:\/\/www.egemtv.com\/index.php?rest_route=%2Fwp%2Fv2%2Fcategories&post=64530"},{"taxonomy":"post_tag","embeddable":true,"href":"https:\/\/www.egemtv.com\/index.php?rest_route=%2Fwp%2Fv2%2Ftags&post=64530"}],"curies":[{"name":"wp","href":"https:\/\/api.w.org\/{rel}","templated":true}]}}