{"id":64527,"date":"2025-10-29T12:14:56","date_gmt":"2025-10-29T09:14:56","guid":{"rendered":"https:\/\/www.egemtv.com\/?p=64527"},"modified":"2025-10-29T12:14:57","modified_gmt":"2025-10-29T09:14:57","slug":"menemen-fk-galibiyete-hasret","status":"publish","type":"post","link":"https:\/\/www.egemtv.com\/?p=64527","title":{"rendered":"Menemen FK galibiyete hasret"},"content":{"rendered":"<p>Menemen FK, TFF 2. Lig K\u0131rm\u0131z\u0131 Grup\u2019ta oynad\u0131\u011f\u0131 son 4 ma\u00e7ta 3 beraberlik ve 1 ma\u011flubiyet alarak galibiyete hasret kald\u0131.<br \/>\n<br \/>TFF 2. Lig K\u0131rm\u0131z\u0131 Grup\u2019ta sezona etkili bir ba\u015flang\u0131\u00e7 yapan Menemen FK, son haftalarda ya\u015fad\u0131\u011f\u0131 d\u00fc\u015f\u00fc\u015f ya\u015f\u0131yor. \u0130lk 6 ma\u00e7\u0131nda sergiledi\u011fi performansla zirve yar\u0131\u015f\u0131n\u0131 yak\u0131ndan takip eden \u0130zmir ekibi, bu periyotta 4 galibiyet, 1 beraberlik ve 1 ma\u011flubiyet elde etmi\u015fti. Ancak sonraki 4 kar\u015f\u0131la\u015fmada i\u015fler tersine d\u00f6nd\u00fc ve sar\u0131-lacivertliler, bu s\u00fcre\u00e7te 3 beraberlik ve 1 ma\u011flubiyetle istedi\u011fi sonu\u00e7lar\u0131 alamad\u0131.<br \/>\n<br \/>Teknik Direkt\u00f6r Bilal K\u0131sa ve \u00f6\u011frencileri, k\u00f6t\u00fc gidi\u015fe son vermek i\u00e7in hafta sonu sahalar\u0131nda oynayacaklar\u0131 Fethiyespor m\u00fccadelesinden mutlak galibiyetle ayr\u0131lmay\u0131 hedefliyor.<\/p>\n<p>Se\u00e7im Can sessiz kald\u0131<br \/>\n<br \/>Bu sezon Menemen FK formas\u0131yla 7 gole imza atan Se\u00e7im Can Ko\u00e7, son haftalarda suskun kald\u0131. Son 4 lig ma\u00e7\u0131nda gol sevinci ya\u015fayamayan 27 ya\u015f\u0131ndaki futbolcu, bu kar\u015f\u0131la\u015fmalar\u0131n 3\u2019\u00fcnde forma giydi fakat beklenen performans\u0131 ortaya koyamad\u0131. Menemen FK, \u015fu ana kadar Se\u00e7im Can\u2019\u0131n gol att\u0131\u011f\u0131 4 ma\u00e7\u0131n tamam\u0131n\u0131 kazan\u0131rken, skor \u00fcretemedi\u011fi hi\u00e7bir m\u00fcsabakada galibiyet sevinci ya\u015famad\u0131.<br \/><\/p>\n","protected":false},"excerpt":{"rendered":"<p>Menemen FK, TFF 2. Lig K\u0131rm\u0131z\u0131 Grup\u2019ta oynad\u0131\u011f\u0131 son 4 ma\u00e7ta 3 beraberlik ve 1 ma\u011flubiyet alarak galibiyete hasret kald\u0131. TFF 2. Lig K\u0131rm\u0131z\u0131 Grup\u2019ta sezona etkili bir ba\u015flang\u0131\u00e7 yapan Menemen FK, son haftalarda ya\u015fad\u0131\u011f\u0131 d\u00fc\u015f\u00fc\u015f ya\u015f\u0131yor. \u0130lk 6 ma\u00e7\u0131nda sergiledi\u011fi performansla zirve yar\u0131\u015f\u0131n\u0131 yak\u0131ndan takip eden \u0130zmir ekibi, bu periyotta 4 galibiyet, 1 beraberlik&#8230;<\/p>\n","protected":false},"author":1,"featured_media":64528,"comment_status":"open","ping_status":"open","sticky":false,"template":"","format":"standard","meta":{"_crdt_document":"","footnotes":""},"categories":[4],"tags":[],"class_list":["post-64527","post","type-post","status-publish","format-standard","has-post-thumbnail","hentry","category-spor"],"_links":{"self":[{"href":"https:\/\/www.egemtv.com\/index.php?rest_route=\/wp\/v2\/posts\/64527","targetHints":{"allow":["GET"]}}],"collection":[{"href":"https:\/\/www.egemtv.com\/index.php?rest_route=\/wp\/v2\/posts"}],"about":[{"href":"https:\/\/www.egemtv.com\/index.php?rest_route=\/wp\/v2\/types\/post"}],"author":[{"embeddable":true,"href":"https:\/\/www.egemtv.com\/index.php?rest_route=\/wp\/v2\/users\/1"}],"replies":[{"embeddable":true,"href":"https:\/\/www.egemtv.com\/index.php?rest_route=%2Fwp%2Fv2%2Fcomments&post=64527"}],"version-history":[{"count":1,"href":"https:\/\/www.egemtv.com\/index.php?rest_route=\/wp\/v2\/posts\/64527\/revisions"}],"predecessor-version":[{"id":64529,"href":"https:\/\/www.egemtv.com\/index.php?rest_route=\/wp\/v2\/posts\/64527\/revisions\/64529"}],"wp:featuredmedia":[{"embeddable":true,"href":"https:\/\/www.egemtv.com\/index.php?rest_route=\/wp\/v2\/media\/64528"}],"wp:attachment":[{"href":"https:\/\/www.egemtv.com\/index.php?rest_route=%2Fwp%2Fv2%2Fmedia&parent=64527"}],"wp:term":[{"taxonomy":"category","embeddable":true,"href":"https:\/\/www.egemtv.com\/index.php?rest_route=%2Fwp%2Fv2%2Fcategories&post=64527"},{"taxonomy":"post_tag","embeddable":true,"href":"https:\/\/www.egemtv.com\/index.php?rest_route=%2Fwp%2Fv2%2Ftags&post=64527"}],"curies":[{"name":"wp","href":"https:\/\/api.w.org\/{rel}","templated":true}]}}