{"id":64524,"date":"2025-10-29T12:14:55","date_gmt":"2025-10-29T09:14:55","guid":{"rendered":"https:\/\/www.egemtv.com\/?p=64524"},"modified":"2025-10-29T12:14:56","modified_gmt":"2025-10-29T09:14:56","slug":"salihlide-250-judocu-kemer-sinavinda-ter-doktu","status":"publish","type":"post","link":"https:\/\/www.egemtv.com\/?p=64524","title":{"rendered":"Salihli\u2019de 250 judocu kemer s\u0131nav\u0131nda ter d\u00f6kt\u00fc"},"content":{"rendered":"<p>Manisa\u2019n\u0131n Salihli il\u00e7esinde, 1922 Salihli Spor Kul\u00fcb\u00fc, Salihli Belediyespor Kul\u00fcb\u00fc ve De\u011ferli Zamanlar Spor Kul\u00fcb\u00fc\u2019nden yakla\u015f\u0131k 250 judocu, Ekim 2025 Judo Kemer S\u0131nav\u0131\u2019nda bir \u00fcst kemere ge\u00e7mek i\u00e7in ter d\u00f6kt\u00fc.<br \/>\n<br \/>Salihli Ramiz Turan Spor Kompleksi\u2019nde d\u00fczenlenen kemer s\u0131nav\u0131na kat\u0131lan judocular, Antren\u00f6rler \u00d6zlem Ak\u0131n Ayaz, Duygu Top\u00e7u, Song\u00fcl A\u015fka, Buse Y\u0131ld\u0131r\u0131m, Tu\u011fba Y\u0131lmaz ve S\u00fcmeyye Demir\u2019den olu\u015fan komite taraf\u0131ndan s\u0131nava tabi tutuldu. Sporcular, bir \u00fcst kemere ge\u00e7ebilmek i\u00e7in b\u00fcy\u00fck heyecan ya\u015fad\u0131.<br \/>\n<br \/>S\u0131nav\u0131 ba\u015far\u0131yla tamamlayan judocular, bir \u00fcst kemere terfi etmenin mutlulu\u011funu ya\u015farken, aileleri de trib\u00fcnlerden sporcular\u0131 destekledi.<br \/>\n<br \/>S\u0131nav sonunda konu\u015fan Salihli \u0130l\u00e7e Gen\u00e7lik ve Spor M\u00fcd\u00fcr\u00fc Oktay Ayaz, &#8220;Sporcular\u0131m\u0131z\u0131 ve ailelerini tebrik ediyor, antren\u00f6rlerimize ve kul\u00fcplerimize emeklerinden dolay\u0131 te\u015fekk\u00fcr ediyorum.&#8221; dedi.<br \/>\n<br \/>Etkinlik sonunda toplu hat\u0131ra foto\u011fraf\u0131 \u00e7ekilerek, kemer atlayan judocular\u0131n ba\u015far\u0131s\u0131 kutland\u0131.<br \/><\/p>\n","protected":false},"excerpt":{"rendered":"<p>Manisa\u2019n\u0131n Salihli il\u00e7esinde, 1922 Salihli Spor Kul\u00fcb\u00fc, Salihli Belediyespor Kul\u00fcb\u00fc ve De\u011ferli Zamanlar Spor Kul\u00fcb\u00fc\u2019nden yakla\u015f\u0131k 250 judocu, Ekim 2025 Judo Kemer S\u0131nav\u0131\u2019nda bir \u00fcst kemere ge\u00e7mek i\u00e7in ter d\u00f6kt\u00fc. Salihli Ramiz Turan Spor Kompleksi\u2019nde d\u00fczenlenen kemer s\u0131nav\u0131na kat\u0131lan judocular, Antren\u00f6rler \u00d6zlem Ak\u0131n Ayaz, Duygu Top\u00e7u, Song\u00fcl A\u015fka, Buse Y\u0131ld\u0131r\u0131m, Tu\u011fba Y\u0131lmaz ve S\u00fcmeyye Demir\u2019den&#8230;<\/p>\n","protected":false},"author":1,"featured_media":64525,"comment_status":"open","ping_status":"open","sticky":false,"template":"","format":"standard","meta":{"_crdt_document":"","footnotes":""},"categories":[4],"tags":[],"class_list":["post-64524","post","type-post","status-publish","format-standard","has-post-thumbnail","hentry","category-spor"],"_links":{"self":[{"href":"https:\/\/www.egemtv.com\/index.php?rest_route=\/wp\/v2\/posts\/64524","targetHints":{"allow":["GET"]}}],"collection":[{"href":"https:\/\/www.egemtv.com\/index.php?rest_route=\/wp\/v2\/posts"}],"about":[{"href":"https:\/\/www.egemtv.com\/index.php?rest_route=\/wp\/v2\/types\/post"}],"author":[{"embeddable":true,"href":"https:\/\/www.egemtv.com\/index.php?rest_route=\/wp\/v2\/users\/1"}],"replies":[{"embeddable":true,"href":"https:\/\/www.egemtv.com\/index.php?rest_route=%2Fwp%2Fv2%2Fcomments&post=64524"}],"version-history":[{"count":1,"href":"https:\/\/www.egemtv.com\/index.php?rest_route=\/wp\/v2\/posts\/64524\/revisions"}],"predecessor-version":[{"id":64526,"href":"https:\/\/www.egemtv.com\/index.php?rest_route=\/wp\/v2\/posts\/64524\/revisions\/64526"}],"wp:featuredmedia":[{"embeddable":true,"href":"https:\/\/www.egemtv.com\/index.php?rest_route=\/wp\/v2\/media\/64525"}],"wp:attachment":[{"href":"https:\/\/www.egemtv.com\/index.php?rest_route=%2Fwp%2Fv2%2Fmedia&parent=64524"}],"wp:term":[{"taxonomy":"category","embeddable":true,"href":"https:\/\/www.egemtv.com\/index.php?rest_route=%2Fwp%2Fv2%2Fcategories&post=64524"},{"taxonomy":"post_tag","embeddable":true,"href":"https:\/\/www.egemtv.com\/index.php?rest_route=%2Fwp%2Fv2%2Ftags&post=64524"}],"curies":[{"name":"wp","href":"https:\/\/api.w.org\/{rel}","templated":true}]}}