{"id":64521,"date":"2025-10-29T11:56:19","date_gmt":"2025-10-29T08:56:19","guid":{"rendered":"https:\/\/www.egemtv.com\/?p=64521"},"modified":"2025-10-29T11:56:20","modified_gmt":"2025-10-29T08:56:20","slug":"dinarda-ilk-kiblemiz-mescid-i-aksa-kudus-bilinci-ve-filistin-davasi-konulu-konferans","status":"publish","type":"post","link":"https:\/\/www.egemtv.com\/?p=64521","title":{"rendered":"Dinar\u2019da \u2018\u0130lk K\u0131blemiz Mescid-i Aksa, Kud\u00fcs Bilinci ve Filistin Davas\u0131&#8221; konulu konferans"},"content":{"rendered":"<p>Afyonkarahisar Dinar \u0130l\u00e7e M\u00fcft\u00fcl\u00fc\u011f\u00fc taraf\u0131ndan \u00dcnal K\u0131l\u0131\u00e7 \u0130lim ve K\u00fclt\u00fcr Merkezi\u2019nde &#8220;Peygamber Efendimiz (sall\u00e2ll\u00e2hu aleyhi ve sellem), Cami ve Namaz-\u0130lk K\u0131blemiz Mescid-i Aksa, Kud\u00fcs Bilinci ve Filistin Davas\u0131&#8221; konulu konferans d\u00fczenlendi.<br \/>\n<br \/>Programa; \u0130hsaniye \u0130l\u00e7e M\u00fcft\u00fcs\u00fc \u00d6mer Faruk Aslan, Dinar Belediye Ba\u015fkan Vekili Oktay Say\u0131n, Dinar \u0130l\u00e7e M\u00fcft\u00fcs\u00fc Ahmet Kervanc\u0131o\u011flu, siyasi parti temsilcileri, imam hatipler, m\u00fcezzin kayy\u0131mlar, Kur\u2019an kursu \u00f6\u011freticileri, \u00f6\u011frenciler ve \u00e7ok say\u0131da vatanda\u015f kat\u0131ld\u0131.<br \/>\n<br \/>Sayg\u0131 duru\u015fu ve \u0130stikl\u00e2l Mar\u015f\u0131\u2019n\u0131n okunmas\u0131n\u0131n ard\u0131ndan Kur\u2019an-\u0131 Kerim tilavetiyle ba\u015flayan programda a\u00e7\u0131l\u0131\u015f konu\u015fmas\u0131n\u0131 Kervanc\u0131o\u011flu yapt\u0131. Kervanc\u0131o\u011flu konu\u015fmas\u0131nda, Dinar \u0130l\u00e7e M\u00fcft\u00fcl\u00fc\u011f\u00fc ve T\u00fcrkiye Diyanet Vakf\u0131 Dinar \u015eubesi olarak &#8220;\u00d6zg\u00fcr Filistin\u2019in yan\u0131nday\u0131z&#8221; slogan\u0131yla Gazzeli mazlum karde\u015flerimize destek olduklar\u0131n\u0131 belirtti.<br \/>\n<br \/>Kervanc\u0131o\u011flu, Mescid-i Aksa\u2019n\u0131n \u0130slam d\u00fcnyas\u0131 i\u00e7in ta\u015f\u0131d\u0131\u011f\u0131 kutsal \u00f6neme dikkat \u00e7ekerek, &#8220;Y\u00fcce Rabbimiz Kur\u2019an-\u0131 Kerim\u2019de Mescid-i Aksa\u2019n\u0131n \u00e7evresinin m\u00fcbarek k\u0131l\u0131nd\u0131\u011f\u0131n\u0131 bildiriyor. Efendimiz Hz. Muhammed (sall\u00e2ll\u00e2hu aleyhi ve sellem) de Mescid-i Aksa\u2019y\u0131 yery\u00fcz\u00fcnde in\u015fa edilen ikinci mescid olarak i\u015faret etmi\u015ftir. Bu m\u00fcbarek mek\u00e2n, S\u00fcleyman Aleyhisselam\u2019\u0131n biz M\u00fcsl\u00fcmanlara bir emanetidir&#8221; ifadelerini kulland\u0131.<br \/>\n<br \/>G\u00fcn\u00fcn anlam ve \u00f6nemine binaen konferans vermek \u00fczere il\u00e7eye gelen \u0130hsaniye \u0130l\u00e7e M\u00fcft\u00fcs\u00fc \u00d6mer Faruk Aslan, konu\u015fmas\u0131nda Filistin davas\u0131, Gazze\u2019nin durumu ve Mescid-i Aksa\u2019n\u0131n \u0130slam alemindeki yeri hakk\u0131nda kat\u0131l\u0131mc\u0131lara hitap etti.<br \/>\n<br \/>Program, konferans\u0131n ard\u0131ndan hediye takdimi ve hat\u0131ra foto\u011fraf\u0131 \u00e7ekimiyle sona erdi.<br \/><\/p>\n","protected":false},"excerpt":{"rendered":"<p>Afyonkarahisar Dinar \u0130l\u00e7e M\u00fcft\u00fcl\u00fc\u011f\u00fc taraf\u0131ndan \u00dcnal K\u0131l\u0131\u00e7 \u0130lim ve K\u00fclt\u00fcr Merkezi\u2019nde &#8220;Peygamber Efendimiz (sall\u00e2ll\u00e2hu aleyhi ve sellem), Cami ve Namaz-\u0130lk K\u0131blemiz Mescid-i Aksa, Kud\u00fcs Bilinci ve Filistin Davas\u0131&#8221; konulu konferans d\u00fczenlendi. Programa; \u0130hsaniye \u0130l\u00e7e M\u00fcft\u00fcs\u00fc \u00d6mer Faruk Aslan, Dinar Belediye Ba\u015fkan Vekili Oktay Say\u0131n, Dinar \u0130l\u00e7e M\u00fcft\u00fcs\u00fc Ahmet Kervanc\u0131o\u011flu, siyasi parti temsilcileri, imam hatipler, m\u00fcezzin&#8230;<\/p>\n","protected":false},"author":1,"featured_media":64522,"comment_status":"open","ping_status":"open","sticky":false,"template":"","format":"standard","meta":{"_crdt_document":"","footnotes":""},"categories":[1],"tags":[],"class_list":["post-64521","post","type-post","status-publish","format-standard","has-post-thumbnail","hentry","category-guncel"],"_links":{"self":[{"href":"https:\/\/www.egemtv.com\/index.php?rest_route=\/wp\/v2\/posts\/64521","targetHints":{"allow":["GET"]}}],"collection":[{"href":"https:\/\/www.egemtv.com\/index.php?rest_route=\/wp\/v2\/posts"}],"about":[{"href":"https:\/\/www.egemtv.com\/index.php?rest_route=\/wp\/v2\/types\/post"}],"author":[{"embeddable":true,"href":"https:\/\/www.egemtv.com\/index.php?rest_route=\/wp\/v2\/users\/1"}],"replies":[{"embeddable":true,"href":"https:\/\/www.egemtv.com\/index.php?rest_route=%2Fwp%2Fv2%2Fcomments&post=64521"}],"version-history":[{"count":1,"href":"https:\/\/www.egemtv.com\/index.php?rest_route=\/wp\/v2\/posts\/64521\/revisions"}],"predecessor-version":[{"id":64523,"href":"https:\/\/www.egemtv.com\/index.php?rest_route=\/wp\/v2\/posts\/64521\/revisions\/64523"}],"wp:featuredmedia":[{"embeddable":true,"href":"https:\/\/www.egemtv.com\/index.php?rest_route=\/wp\/v2\/media\/64522"}],"wp:attachment":[{"href":"https:\/\/www.egemtv.com\/index.php?rest_route=%2Fwp%2Fv2%2Fmedia&parent=64521"}],"wp:term":[{"taxonomy":"category","embeddable":true,"href":"https:\/\/www.egemtv.com\/index.php?rest_route=%2Fwp%2Fv2%2Fcategories&post=64521"},{"taxonomy":"post_tag","embeddable":true,"href":"https:\/\/www.egemtv.com\/index.php?rest_route=%2Fwp%2Fv2%2Ftags&post=64521"}],"curies":[{"name":"wp","href":"https:\/\/api.w.org\/{rel}","templated":true}]}}