{"id":64518,"date":"2025-10-29T11:56:18","date_gmt":"2025-10-29T08:56:18","guid":{"rendered":"https:\/\/www.egemtv.com\/?p=64518"},"modified":"2025-10-29T11:56:19","modified_gmt":"2025-10-29T08:56:19","slug":"manisada-jandarmanin-tufekli-gosterisi-nefesleri-kesti","status":"publish","type":"post","link":"https:\/\/www.egemtv.com\/?p=64518","title":{"rendered":"Manisa\u2019da jandarman\u0131n t\u00fcfekli g\u00f6sterisi nefesleri kesti"},"content":{"rendered":"<p>29 Ekim Cumhuriyet Bayram\u0131, Manisa\u2019da d\u00fczenlenen t\u00f6renlerle b\u00fcy\u00fck bir co\u015fkuyla kutland\u0131. T\u00f6rende Jandarma Komando T\u00fcfekli G\u00f6steri Grubu\u2019nun sergiledi\u011fi nefes kesen g\u00f6steri vatanda\u015flardan b\u00fcy\u00fck alk\u0131\u015f ald\u0131.<br \/>\n<br \/>Manisa\u2019daki Cumhuriyet Bayram\u0131 kutlamalar\u0131 Manisa Valisi Vahdettin \u00d6zkan\u2019\u0131n makam\u0131nda tebrikleri kabul\u00fc ile ba\u015flad\u0131. Kutlamalara daha sonra H\u00fck\u00fcmet Kona\u011f\u0131 \u00f6n\u00fcnde devam edildi. Manisa Valisi Vahdettin \u00d6zkan, Garnizon Komutan\u0131 Tu\u011fgeneral Birol Arslan ve Manisa B\u00fcy\u00fck\u015fehir Belediye Ba\u015fkan\u0131 Besim Dutlulu t\u00f6rene kat\u0131lanlar\u0131n\u0131 bayramlar\u0131n\u0131 ara\u00e7 \u00fcst\u00fcnden selamlayarak kutlad\u0131ktan sonra protokoldeki yerlerini ald\u0131.<br \/>\n<br \/>Vatanda\u015flar\u0131n ve protokol\u00fcn yo\u011fun kat\u0131l\u0131m g\u00f6sterdi\u011fi t\u00f6rende, sayg\u0131 duru\u015funda bulunulmas\u0131 ve \u0130stiklal Mar\u015f\u0131\u2019n\u0131n okunmas\u0131n\u0131n ard\u0131ndan Vali Vahdettin \u00d6zkan, g\u00fcn\u00fcn anlam ve \u00f6nemine dair bir konu\u015fma yapt\u0131.<br \/>\n<br \/>Cumhuriyetin 102. y\u0131l\u0131n\u0131 kutlaman\u0131n gururu, co\u015fkusu ve onurunu hep birlikte ya\u015fad\u0131klar\u0131n kaydeden Manisa Valisi Vahdettin \u00d6zkan, &#8220;Gazi Mustafa Kemal Atat\u00fcrk\u2019\u00fcn \u00f6nderli\u011finde kurulan Cumhuriyet, milletimizin yeniden do\u011fu\u015funun, esarete boyun e\u011fmeyen iradesinin mutlak tezah\u00fcr\u00fcd\u00fcr. Cumhuriyet, sadece bir y\u00f6netim bi\u00e7imi de\u011fil, ayn\u0131 zamanda bir medeniyet projesidir.  \u0130nsanlar\u0131m\u0131z\u0131n kendi gelece\u011fini belirleme hakk\u0131, bilimin rehberli\u011finde ilerleme ideali, Cumhuriyet ile hayat bulmu\u015ftur. Manisa, bu b\u00fcy\u00fck y\u00fcr\u00fcy\u00fc\u015fte her zaman \u00f6nc\u00fc bir \u015fehir olmu\u015f; Cumhuriyet d\u00f6neminde de \u00fcretimin, bilimin, k\u00fclt\u00fcr\u00fcn merkezi haline gelmi\u015ftir.&#8221; dedi.<\/p>\n<p>&#8220;Tek y\u00fcrek olmaya devam ediyoruz&#8221;<br \/>\n<br \/>Bug\u00fcn Manisa\u2019n\u0131n, T\u00fcrkiye\u2019nin sanayi ve tar\u0131m g\u00fcc\u00fcn\u00fc bir araya getiren \u00f6rnek \u015fehirlerden birisi oldu\u011funa dikkat \u00e7eken Vali \u00d6zkan konu\u015fmas\u0131n\u0131, &#8220;Organize sanayi b\u00f6lgelerimizde geli\u015ftirilen y\u00fcksek teknoloji yat\u0131r\u0131mlar\u0131, ye\u015fil \u00fcretim ve dijital d\u00f6n\u00fc\u015f\u00fcm alan\u0131nda att\u0131\u011f\u0131m\u0131z ad\u0131mlar, T\u00fcrkiye Y\u00fczy\u0131l\u0131 Vizyonunun yereldeki yans\u0131mas\u0131d\u0131r. Bu topraklardan \u00e7\u0131kan yenilik\u00e7i fikirler, \u00fclkemizin ekonomik ba\u011f\u0131ms\u0131zl\u0131\u011f\u0131n\u0131n teminat\u0131d\u0131r. Cumhuriyetin as\u0131l sahipleri sizlersiniz. Sizlerin bilime, sanata, spora, \u00fcretime olan inanc\u0131n\u0131z, M\u00fcreffeh T\u00fcrkiye\u2019nin en g\u00fc\u00e7l\u00fc dayana\u011f\u0131d\u0131r. Unutmay\u0131n ki Atat\u00fcrk\u2019\u00fcn \u2018B\u00fct\u00fcn \u00fcmidim gen\u00e7liktedir\u2019 s\u00f6z\u00fc, yaln\u0131zca bir hitap de\u011fil, bir emanetin teslimidir. Sizler, bu emaneti gelece\u011fe ta\u015f\u0131yacak irade ve inanca sahipsiniz. Cumhuriyetimizin 102. y\u0131l\u0131nda, \u00fclkemizin birli\u011fine, b\u00fct\u00fcnl\u00fc\u011f\u00fcne ve karde\u015fli\u011fine kasteden her t\u00fcrl\u00fc ter\u00f6r giri\u015fimi kar\u015f\u0131s\u0131nda tek y\u00fcrek olmaya devam ediyoruz. Ter\u00f6rs\u00fcz, huzurlu, g\u00fc\u00e7l\u00fc bir T\u00fcrkiye hedefiyle, her bir vatanda\u015f\u0131m\u0131z\u0131n g\u00fcven ve refah i\u00e7inde ya\u015fad\u0131\u011f\u0131 bir gelecek i\u00e7in kararl\u0131l\u0131kla \u00e7al\u0131\u015f\u0131yoruz. Bug\u00fcn, ge\u00e7mi\u015ften ald\u0131\u011f\u0131m\u0131z ilhamla, gelece\u011fe g\u00fcvenle bak\u0131yoruz. Bilimde, sanayide, teknolojide, k\u00fclt\u00fcrde ve adalette kararl\u0131 bir \u015fekilde ilerlemek T\u00fcrkiye Y\u00fczy\u0131l\u0131n\u0131n vizyonudur.  Bu vizyonun en b\u00fcy\u00fck g\u00fcc\u00fc ise, Cumhuriyet\u2019in de\u011ferlerine y\u00fcrekten ba\u011fl\u0131, \u00fcretken, \u00f6zg\u00fcr d\u00fc\u015f\u00fcnen insan\u0131d\u0131r. Bu duygu ve d\u00fc\u015f\u00fcncelerle; ba\u015fta Gazi Mustafa Kemal Atat\u00fcrk olmak \u00fczere, Cumhuriyetimizin t\u00fcm kahramanlar\u0131n\u0131 rahmetle, minnetle an\u0131yor; 29 Ekim Cumhuriyet Bayram\u0131\u2019n\u0131 en i\u00e7ten dileklerimle kutluyorum. Ya\u015fas\u0131n cumhuriyet, ya\u015fas\u0131n T\u00fcrkiye&#8221; s\u00f6zleriyle tamamlad\u0131.<br \/>\n<br \/>\u00d6\u011frencilerin okudu\u011fu \u015fiirlerin ard\u0131ndan sahneye \u00e7\u0131kan K\u0131rka\u011fa\u00e7 Jandarma Komando E\u011fitim Merkez Komutanl\u0131\u011f\u0131n\u0131n T\u00fcfekli G\u00f6steri Grubu, sergiledi\u011fi disiplinli ve etkileyici g\u00f6steriyle izleyenlerden b\u00fcy\u00fck alk\u0131\u015f ald\u0131.<br \/>\n<br \/>Halk oyunlar\u0131 ekibinin renkli performanslar\u0131yla devam eden kutlama, resmi ge\u00e7it t\u00f6reniyle sona ererken, Manisal\u0131lar da cumhuriyetin 102\u2019nci y\u0131l\u0131n\u0131 b\u00fcy\u00fck bir gurur ve co\u015fkuyla kutlad\u0131.<br \/><\/p>\n","protected":false},"excerpt":{"rendered":"<p>29 Ekim Cumhuriyet Bayram\u0131, Manisa\u2019da d\u00fczenlenen t\u00f6renlerle b\u00fcy\u00fck bir co\u015fkuyla kutland\u0131. T\u00f6rende Jandarma Komando T\u00fcfekli G\u00f6steri Grubu\u2019nun sergiledi\u011fi nefes kesen g\u00f6steri vatanda\u015flardan b\u00fcy\u00fck alk\u0131\u015f ald\u0131. Manisa\u2019daki Cumhuriyet Bayram\u0131 kutlamalar\u0131 Manisa Valisi Vahdettin \u00d6zkan\u2019\u0131n makam\u0131nda tebrikleri kabul\u00fc ile ba\u015flad\u0131. Kutlamalara daha sonra H\u00fck\u00fcmet Kona\u011f\u0131 \u00f6n\u00fcnde devam edildi. Manisa Valisi Vahdettin \u00d6zkan, Garnizon Komutan\u0131 Tu\u011fgeneral Birol Arslan&#8230;<\/p>\n","protected":false},"author":1,"featured_media":64519,"comment_status":"open","ping_status":"open","sticky":false,"template":"","format":"standard","meta":{"_crdt_document":"","footnotes":""},"categories":[1],"tags":[],"class_list":["post-64518","post","type-post","status-publish","format-standard","has-post-thumbnail","hentry","category-guncel"],"_links":{"self":[{"href":"https:\/\/www.egemtv.com\/index.php?rest_route=\/wp\/v2\/posts\/64518","targetHints":{"allow":["GET"]}}],"collection":[{"href":"https:\/\/www.egemtv.com\/index.php?rest_route=\/wp\/v2\/posts"}],"about":[{"href":"https:\/\/www.egemtv.com\/index.php?rest_route=\/wp\/v2\/types\/post"}],"author":[{"embeddable":true,"href":"https:\/\/www.egemtv.com\/index.php?rest_route=\/wp\/v2\/users\/1"}],"replies":[{"embeddable":true,"href":"https:\/\/www.egemtv.com\/index.php?rest_route=%2Fwp%2Fv2%2Fcomments&post=64518"}],"version-history":[{"count":1,"href":"https:\/\/www.egemtv.com\/index.php?rest_route=\/wp\/v2\/posts\/64518\/revisions"}],"predecessor-version":[{"id":64520,"href":"https:\/\/www.egemtv.com\/index.php?rest_route=\/wp\/v2\/posts\/64518\/revisions\/64520"}],"wp:featuredmedia":[{"embeddable":true,"href":"https:\/\/www.egemtv.com\/index.php?rest_route=\/wp\/v2\/media\/64519"}],"wp:attachment":[{"href":"https:\/\/www.egemtv.com\/index.php?rest_route=%2Fwp%2Fv2%2Fmedia&parent=64518"}],"wp:term":[{"taxonomy":"category","embeddable":true,"href":"https:\/\/www.egemtv.com\/index.php?rest_route=%2Fwp%2Fv2%2Fcategories&post=64518"},{"taxonomy":"post_tag","embeddable":true,"href":"https:\/\/www.egemtv.com\/index.php?rest_route=%2Fwp%2Fv2%2Ftags&post=64518"}],"curies":[{"name":"wp","href":"https:\/\/api.w.org\/{rel}","templated":true}]}}