{"id":64515,"date":"2025-10-29T11:56:17","date_gmt":"2025-10-29T08:56:17","guid":{"rendered":"https:\/\/www.egemtv.com\/?p=64515"},"modified":"2025-10-29T11:56:18","modified_gmt":"2025-10-29T08:56:18","slug":"hisarcik-kaymakami-erkan-atam-gorevine-basladi","status":"publish","type":"post","link":"https:\/\/www.egemtv.com\/?p=64515","title":{"rendered":"Hisarc\u0131k Kaymakam\u0131 Erkan Atam g\u00f6revine ba\u015flad\u0131"},"content":{"rendered":"<p>\u0130\u00e7i\u015fleri Bakanl\u0131\u011f\u0131n\u0131n onay\u0131 ile Hisarc\u0131k Kaymakaml\u0131\u011f\u0131na atanan Erkan Atam g\u00f6revine ba\u015flad\u0131.<br \/>\n<br \/>Yeni g\u00f6rev yeri olan Hisarc\u0131k il\u00e7esine gelerek g\u00f6revine ba\u015flayan Kaymakam Erkan Atam, il\u00e7ede kamu kurum ve kurulu\u015flar\u0131yla birlikte uyum i\u00e7inde \u00e7al\u0131\u015farak vatanda\u015flara en iyi hizmeti sunmak i\u00e7in gayret g\u00f6stereceklerini ifade etti.<br \/><\/p>\n","protected":false},"excerpt":{"rendered":"<p>\u0130\u00e7i\u015fleri Bakanl\u0131\u011f\u0131n\u0131n onay\u0131 ile Hisarc\u0131k Kaymakaml\u0131\u011f\u0131na atanan Erkan Atam g\u00f6revine ba\u015flad\u0131. Yeni g\u00f6rev yeri olan Hisarc\u0131k il\u00e7esine gelerek g\u00f6revine ba\u015flayan Kaymakam Erkan Atam, il\u00e7ede kamu kurum ve kurulu\u015flar\u0131yla birlikte uyum i\u00e7inde \u00e7al\u0131\u015farak vatanda\u015flara en iyi hizmeti sunmak i\u00e7in gayret g\u00f6stereceklerini ifade etti.<\/p>\n","protected":false},"author":1,"featured_media":64516,"comment_status":"open","ping_status":"open","sticky":false,"template":"","format":"standard","meta":{"_crdt_document":"","footnotes":""},"categories":[123],"tags":[],"class_list":["post-64515","post","type-post","status-publish","format-standard","has-post-thumbnail","hentry","category-gundem"],"_links":{"self":[{"href":"https:\/\/www.egemtv.com\/index.php?rest_route=\/wp\/v2\/posts\/64515","targetHints":{"allow":["GET"]}}],"collection":[{"href":"https:\/\/www.egemtv.com\/index.php?rest_route=\/wp\/v2\/posts"}],"about":[{"href":"https:\/\/www.egemtv.com\/index.php?rest_route=\/wp\/v2\/types\/post"}],"author":[{"embeddable":true,"href":"https:\/\/www.egemtv.com\/index.php?rest_route=\/wp\/v2\/users\/1"}],"replies":[{"embeddable":true,"href":"https:\/\/www.egemtv.com\/index.php?rest_route=%2Fwp%2Fv2%2Fcomments&post=64515"}],"version-history":[{"count":1,"href":"https:\/\/www.egemtv.com\/index.php?rest_route=\/wp\/v2\/posts\/64515\/revisions"}],"predecessor-version":[{"id":64517,"href":"https:\/\/www.egemtv.com\/index.php?rest_route=\/wp\/v2\/posts\/64515\/revisions\/64517"}],"wp:featuredmedia":[{"embeddable":true,"href":"https:\/\/www.egemtv.com\/index.php?rest_route=\/wp\/v2\/media\/64516"}],"wp:attachment":[{"href":"https:\/\/www.egemtv.com\/index.php?rest_route=%2Fwp%2Fv2%2Fmedia&parent=64515"}],"wp:term":[{"taxonomy":"category","embeddable":true,"href":"https:\/\/www.egemtv.com\/index.php?rest_route=%2Fwp%2Fv2%2Fcategories&post=64515"},{"taxonomy":"post_tag","embeddable":true,"href":"https:\/\/www.egemtv.com\/index.php?rest_route=%2Fwp%2Fv2%2Ftags&post=64515"}],"curies":[{"name":"wp","href":"https:\/\/api.w.org\/{rel}","templated":true}]}}