{"id":64512,"date":"2025-10-29T11:56:16","date_gmt":"2025-10-29T08:56:16","guid":{"rendered":"https:\/\/www.egemtv.com\/?p=64512"},"modified":"2025-10-29T11:56:17","modified_gmt":"2025-10-29T08:56:17","slug":"kutahyada-jandarma-ekipleri-miniklerin-cumhuriyet-bayramini-kutladi","status":"publish","type":"post","link":"https:\/\/www.egemtv.com\/?p=64512","title":{"rendered":"K\u00fctahya\u2019da jandarma ekipleri miniklerin Cumhuriyet Bayram\u0131n\u0131 kutlad\u0131"},"content":{"rendered":"<p>K\u00fctahya \u0130l Jandarma Komutanl\u0131\u011f\u0131 Aile \u0130\u00e7i \u015eiddetle M\u00fccadele \u00c7ocuk K\u0131s\u0131m Amirli\u011fi ve Merkez \u0130l\u00e7e Jandarma Komutanl\u0131\u011f\u0131 ekipleri Perli \u0130lkokulu ziyaret ederek \u00f6\u011frencilerin Cumhuriyet Bayram\u0131n\u0131 kutlad\u0131.<br \/>\n<br \/>Konuyla ilgili \u0130l Jandarma Komutanl\u0131\u011f\u0131ndan yap\u0131lan a\u00e7\u0131klamada, &#8220;Komutanl\u0131\u011f\u0131m\u0131z Aile \u0130\u00e7i \u015eiddetle M\u00fccadele \u00c7ocuk K\u0131s\u0131m Amirli\u011fi ve Merkez \u0130l\u00e7e Jandarma Komutanl\u0131\u011f\u0131 ekiplerimiz taraf\u0131ndan, Perli \u0130lkokulu ziyaret edilerek Gazi Mustafa Kemal Atat\u00fcrk\u2019\u00fcn \u00f6nderli\u011finde b\u00fcy\u00fck fedak\u00e2rl\u0131klarla kurulan Cumhuriyetimizin 102.\u2019nci y\u0131l d\u00f6n\u00fcm\u00fc \u00f6\u011frencilerimizle birlikte gurur ve co\u015fkuyla kutlanm\u0131\u015ft\u0131r&#8221; ifadelerine yer verildi.<br \/><\/p>\n","protected":false},"excerpt":{"rendered":"<p>K\u00fctahya \u0130l Jandarma Komutanl\u0131\u011f\u0131 Aile \u0130\u00e7i \u015eiddetle M\u00fccadele \u00c7ocuk K\u0131s\u0131m Amirli\u011fi ve Merkez \u0130l\u00e7e Jandarma Komutanl\u0131\u011f\u0131 ekipleri Perli \u0130lkokulu ziyaret ederek \u00f6\u011frencilerin Cumhuriyet Bayram\u0131n\u0131 kutlad\u0131. Konuyla ilgili \u0130l Jandarma Komutanl\u0131\u011f\u0131ndan yap\u0131lan a\u00e7\u0131klamada, &#8220;Komutanl\u0131\u011f\u0131m\u0131z Aile \u0130\u00e7i \u015eiddetle M\u00fccadele \u00c7ocuk K\u0131s\u0131m Amirli\u011fi ve Merkez \u0130l\u00e7e Jandarma Komutanl\u0131\u011f\u0131 ekiplerimiz taraf\u0131ndan, Perli \u0130lkokulu ziyaret edilerek Gazi Mustafa Kemal Atat\u00fcrk\u2019\u00fcn&#8230;<\/p>\n","protected":false},"author":1,"featured_media":64513,"comment_status":"open","ping_status":"open","sticky":false,"template":"","format":"standard","meta":{"_crdt_document":"","footnotes":""},"categories":[1],"tags":[],"class_list":["post-64512","post","type-post","status-publish","format-standard","has-post-thumbnail","hentry","category-guncel"],"_links":{"self":[{"href":"https:\/\/www.egemtv.com\/index.php?rest_route=\/wp\/v2\/posts\/64512","targetHints":{"allow":["GET"]}}],"collection":[{"href":"https:\/\/www.egemtv.com\/index.php?rest_route=\/wp\/v2\/posts"}],"about":[{"href":"https:\/\/www.egemtv.com\/index.php?rest_route=\/wp\/v2\/types\/post"}],"author":[{"embeddable":true,"href":"https:\/\/www.egemtv.com\/index.php?rest_route=\/wp\/v2\/users\/1"}],"replies":[{"embeddable":true,"href":"https:\/\/www.egemtv.com\/index.php?rest_route=%2Fwp%2Fv2%2Fcomments&post=64512"}],"version-history":[{"count":1,"href":"https:\/\/www.egemtv.com\/index.php?rest_route=\/wp\/v2\/posts\/64512\/revisions"}],"predecessor-version":[{"id":64514,"href":"https:\/\/www.egemtv.com\/index.php?rest_route=\/wp\/v2\/posts\/64512\/revisions\/64514"}],"wp:featuredmedia":[{"embeddable":true,"href":"https:\/\/www.egemtv.com\/index.php?rest_route=\/wp\/v2\/media\/64513"}],"wp:attachment":[{"href":"https:\/\/www.egemtv.com\/index.php?rest_route=%2Fwp%2Fv2%2Fmedia&parent=64512"}],"wp:term":[{"taxonomy":"category","embeddable":true,"href":"https:\/\/www.egemtv.com\/index.php?rest_route=%2Fwp%2Fv2%2Fcategories&post=64512"},{"taxonomy":"post_tag","embeddable":true,"href":"https:\/\/www.egemtv.com\/index.php?rest_route=%2Fwp%2Fv2%2Ftags&post=64512"}],"curies":[{"name":"wp","href":"https:\/\/api.w.org\/{rel}","templated":true}]}}