{"id":64509,"date":"2025-10-29T11:56:15","date_gmt":"2025-10-29T08:56:15","guid":{"rendered":"https:\/\/www.egemtv.com\/?p=64509"},"modified":"2025-10-29T11:56:16","modified_gmt":"2025-10-29T08:56:16","slug":"kutahyada-jandarmadan-motosiklet-ve-motorlu-bisiklet-denetimi","status":"publish","type":"post","link":"https:\/\/www.egemtv.com\/?p=64509","title":{"rendered":"K\u00fctahya\u2019da jandarmadan motosiklet ve motorlu bisiklet denetimi"},"content":{"rendered":"<p>K\u00fctahya \u0130l Jandarma Komutanl\u0131\u011f\u0131 trafik jandarmas\u0131 timlerince il genelinde motosiklet ve motorlu bisiklet s\u00fcr\u00fcc\u00fclerine y\u00f6nelik \u00f6zel denetim ger\u00e7ekle\u015ftirildi\u011fi bildirildi.<br \/>\n<br \/>\u0130l Jandarma Komutanl\u0131\u011f\u0131 trafik jandarmas\u0131 timlerince motosiklet ve motorlu bisiklet kullan\u0131m\u0131n\u0131n artmas\u0131 nedeniyle, s\u00fcr\u00fcc\u00fclerin g\u00fcvenli motosiklet kullan\u0131m\u0131 konusunda fark\u0131ndal\u0131\u011f\u0131n\u0131n art\u0131r\u0131lmas\u0131, motosiklet ve motorlu bisiklet kazalar\u0131n\u0131n \u00f6nlenmesi, vatanda\u015flar\u0131n can ve mal g\u00fcvenli\u011finin korunmas\u0131 ile trafik d\u00fczeni ve g\u00fcvenli\u011finin sa\u011flanmas\u0131 amac\u0131yla il genelinde motosiklet ve motorlu bisiklet s\u00fcr\u00fcc\u00fclerine y\u00f6nelik \u00f6zel denetim ger\u00e7ekle\u015ftirildi.<br \/><\/p>\n","protected":false},"excerpt":{"rendered":"<p>K\u00fctahya \u0130l Jandarma Komutanl\u0131\u011f\u0131 trafik jandarmas\u0131 timlerince il genelinde motosiklet ve motorlu bisiklet s\u00fcr\u00fcc\u00fclerine y\u00f6nelik \u00f6zel denetim ger\u00e7ekle\u015ftirildi\u011fi bildirildi. \u0130l Jandarma Komutanl\u0131\u011f\u0131 trafik jandarmas\u0131 timlerince motosiklet ve motorlu bisiklet kullan\u0131m\u0131n\u0131n artmas\u0131 nedeniyle, s\u00fcr\u00fcc\u00fclerin g\u00fcvenli motosiklet kullan\u0131m\u0131 konusunda fark\u0131ndal\u0131\u011f\u0131n\u0131n art\u0131r\u0131lmas\u0131, motosiklet ve motorlu bisiklet kazalar\u0131n\u0131n \u00f6nlenmesi, vatanda\u015flar\u0131n can ve mal g\u00fcvenli\u011finin korunmas\u0131 ile trafik d\u00fczeni ve&#8230;<\/p>\n","protected":false},"author":1,"featured_media":64510,"comment_status":"open","ping_status":"open","sticky":false,"template":"","format":"standard","meta":{"_crdt_document":"","footnotes":""},"categories":[5],"tags":[],"class_list":["post-64509","post","type-post","status-publish","format-standard","has-post-thumbnail","hentry","category-asayis"],"_links":{"self":[{"href":"https:\/\/www.egemtv.com\/index.php?rest_route=\/wp\/v2\/posts\/64509","targetHints":{"allow":["GET"]}}],"collection":[{"href":"https:\/\/www.egemtv.com\/index.php?rest_route=\/wp\/v2\/posts"}],"about":[{"href":"https:\/\/www.egemtv.com\/index.php?rest_route=\/wp\/v2\/types\/post"}],"author":[{"embeddable":true,"href":"https:\/\/www.egemtv.com\/index.php?rest_route=\/wp\/v2\/users\/1"}],"replies":[{"embeddable":true,"href":"https:\/\/www.egemtv.com\/index.php?rest_route=%2Fwp%2Fv2%2Fcomments&post=64509"}],"version-history":[{"count":1,"href":"https:\/\/www.egemtv.com\/index.php?rest_route=\/wp\/v2\/posts\/64509\/revisions"}],"predecessor-version":[{"id":64511,"href":"https:\/\/www.egemtv.com\/index.php?rest_route=\/wp\/v2\/posts\/64509\/revisions\/64511"}],"wp:featuredmedia":[{"embeddable":true,"href":"https:\/\/www.egemtv.com\/index.php?rest_route=\/wp\/v2\/media\/64510"}],"wp:attachment":[{"href":"https:\/\/www.egemtv.com\/index.php?rest_route=%2Fwp%2Fv2%2Fmedia&parent=64509"}],"wp:term":[{"taxonomy":"category","embeddable":true,"href":"https:\/\/www.egemtv.com\/index.php?rest_route=%2Fwp%2Fv2%2Fcategories&post=64509"},{"taxonomy":"post_tag","embeddable":true,"href":"https:\/\/www.egemtv.com\/index.php?rest_route=%2Fwp%2Fv2%2Ftags&post=64509"}],"curies":[{"name":"wp","href":"https:\/\/api.w.org\/{rel}","templated":true}]}}