{"id":64506,"date":"2025-10-29T11:56:14","date_gmt":"2025-10-29T08:56:14","guid":{"rendered":"https:\/\/www.egemtv.com\/?p=64506"},"modified":"2025-10-29T11:56:15","modified_gmt":"2025-10-29T08:56:15","slug":"kutahyada-jandarmadan-uyusturucu-operasyonu-2-supheli-tutuklandi","status":"publish","type":"post","link":"https:\/\/www.egemtv.com\/?p=64506","title":{"rendered":"K\u00fctahya\u2019da jandarmadan uyu\u015fturucu operasyonu: 2 \u015f\u00fcpheli tutukland\u0131"},"content":{"rendered":"<p>K\u00fctahya \u0130l Jandarma Komutanl\u0131\u011f\u0131 ekiplerince il merkezi ve Tav\u015fanl\u0131 il\u00e7esinde ger\u00e7ekle\u015ftirilen operasyonlarda uyu\u015fturucu madde ele ge\u00e7irilirken, g\u00f6zalt\u0131na al\u0131nan 2 \u015f\u00fcpheli tutukland\u0131.<br \/>\n<br \/>\u0130l Jandarma Komutanl\u0131\u011f\u0131 ekiplerince il genelinde uyu\u015fturucuyla m\u00fccadele kapsam\u0131nda 20-25 Ekim tarihleri aras\u0131nda K\u00fctahya il merkezi ve Tav\u015fanl\u0131 il\u00e7esinde ger\u00e7ekle\u015ftirilen operasyonlarda uyu\u015fturucu madde ele ge\u00e7irildi. Olayla ba\u011flant\u0131s\u0131 oldu\u011fu tespit edilen 6 \u015f\u00fcpheli hakk\u0131nda adli makamlarca soru\u015fturma ba\u015flat\u0131l\u0131rken, 1 \u015f\u00fcpheli tutuklanarak K\u00fctahya T Tipi Kapal\u0131 Ceza \u0130nfaz Kurumuna, tutuklanan 1 \u015f\u00fcpheli ise K\u00fctahya Tav\u015fanl\u0131 Kapal\u0131 Ceza \u0130nfaz Kurumuna teslim edildi.<br \/><\/p>\n","protected":false},"excerpt":{"rendered":"<p>K\u00fctahya \u0130l Jandarma Komutanl\u0131\u011f\u0131 ekiplerince il merkezi ve Tav\u015fanl\u0131 il\u00e7esinde ger\u00e7ekle\u015ftirilen operasyonlarda uyu\u015fturucu madde ele ge\u00e7irilirken, g\u00f6zalt\u0131na al\u0131nan 2 \u015f\u00fcpheli tutukland\u0131. \u0130l Jandarma Komutanl\u0131\u011f\u0131 ekiplerince il genelinde uyu\u015fturucuyla m\u00fccadele kapsam\u0131nda 20-25 Ekim tarihleri aras\u0131nda K\u00fctahya il merkezi ve Tav\u015fanl\u0131 il\u00e7esinde ger\u00e7ekle\u015ftirilen operasyonlarda uyu\u015fturucu madde ele ge\u00e7irildi. Olayla ba\u011flant\u0131s\u0131 oldu\u011fu tespit edilen 6 \u015f\u00fcpheli hakk\u0131nda adli&#8230;<\/p>\n","protected":false},"author":1,"featured_media":64507,"comment_status":"open","ping_status":"open","sticky":false,"template":"","format":"standard","meta":{"_crdt_document":"","footnotes":""},"categories":[5],"tags":[],"class_list":["post-64506","post","type-post","status-publish","format-standard","has-post-thumbnail","hentry","category-asayis"],"_links":{"self":[{"href":"https:\/\/www.egemtv.com\/index.php?rest_route=\/wp\/v2\/posts\/64506","targetHints":{"allow":["GET"]}}],"collection":[{"href":"https:\/\/www.egemtv.com\/index.php?rest_route=\/wp\/v2\/posts"}],"about":[{"href":"https:\/\/www.egemtv.com\/index.php?rest_route=\/wp\/v2\/types\/post"}],"author":[{"embeddable":true,"href":"https:\/\/www.egemtv.com\/index.php?rest_route=\/wp\/v2\/users\/1"}],"replies":[{"embeddable":true,"href":"https:\/\/www.egemtv.com\/index.php?rest_route=%2Fwp%2Fv2%2Fcomments&post=64506"}],"version-history":[{"count":1,"href":"https:\/\/www.egemtv.com\/index.php?rest_route=\/wp\/v2\/posts\/64506\/revisions"}],"predecessor-version":[{"id":64508,"href":"https:\/\/www.egemtv.com\/index.php?rest_route=\/wp\/v2\/posts\/64506\/revisions\/64508"}],"wp:featuredmedia":[{"embeddable":true,"href":"https:\/\/www.egemtv.com\/index.php?rest_route=\/wp\/v2\/media\/64507"}],"wp:attachment":[{"href":"https:\/\/www.egemtv.com\/index.php?rest_route=%2Fwp%2Fv2%2Fmedia&parent=64506"}],"wp:term":[{"taxonomy":"category","embeddable":true,"href":"https:\/\/www.egemtv.com\/index.php?rest_route=%2Fwp%2Fv2%2Fcategories&post=64506"},{"taxonomy":"post_tag","embeddable":true,"href":"https:\/\/www.egemtv.com\/index.php?rest_route=%2Fwp%2Fv2%2Ftags&post=64506"}],"curies":[{"name":"wp","href":"https:\/\/api.w.org\/{rel}","templated":true}]}}