{"id":64503,"date":"2025-10-29T11:34:47","date_gmt":"2025-10-29T08:34:47","guid":{"rendered":"https:\/\/www.egemtv.com\/?p=64503"},"modified":"2025-10-29T11:34:48","modified_gmt":"2025-10-29T08:34:48","slug":"jandarma-bayatta-kadina-siddetle-mucadeleyi-anlatti","status":"publish","type":"post","link":"https:\/\/www.egemtv.com\/?p=64503","title":{"rendered":"Jandarma Bayat\u2019ta kad\u0131na \u015fiddetle m\u00fccadeleyi anlatt\u0131"},"content":{"rendered":"<p>Afyonkarahisar\u2019da jandarma ekipleri taraf\u0131ndan yakla\u015f\u0131k 100 vatanda\u015fa \u2018Kad\u0131na El Kal-ka-maz ve KADES Uygulamas\u0131\u2019 konusunda bilgilendirme yap\u0131ld\u0131.<br \/>\n<br \/>Ger\u00e7ekle\u015ftirilen faaliyet ile ilgili Afyonkarahisar \u0130l Jandarma Komutanl\u0131\u011f\u0131ndan yap\u0131lan yaz\u0131l\u0131 a\u00e7\u0131klamada faaliyetin bayat il\u00e7esinde yap\u0131ld\u0131\u011f\u0131 kaydedildi. A\u00e7\u0131klamada, &#8220;Bayat il\u00e7esinde 91 vatanda\u015fa Kad\u0131na El Kal-ka-maz ve KADES Uygulamas\u0131 konusunda bilgilendirme faaliyeti icra edilmi\u015f,<br \/>\n<br \/>Ayr\u0131ca Bayat il\u00e7esinde bulunan okullarda e\u011fitim g\u00f6ren 13 \u00f6\u011frenci ziyaret edilerek, \u00e7e\u015fitli hediyeler takdim edilmi\u015ftir&#8221; ifadelerine yer verildi.<br \/><\/p>\n","protected":false},"excerpt":{"rendered":"<p>Afyonkarahisar\u2019da jandarma ekipleri taraf\u0131ndan yakla\u015f\u0131k 100 vatanda\u015fa \u2018Kad\u0131na El Kal-ka-maz ve KADES Uygulamas\u0131\u2019 konusunda bilgilendirme yap\u0131ld\u0131. Ger\u00e7ekle\u015ftirilen faaliyet ile ilgili Afyonkarahisar \u0130l Jandarma Komutanl\u0131\u011f\u0131ndan yap\u0131lan yaz\u0131l\u0131 a\u00e7\u0131klamada faaliyetin bayat il\u00e7esinde yap\u0131ld\u0131\u011f\u0131 kaydedildi. A\u00e7\u0131klamada, &#8220;Bayat il\u00e7esinde 91 vatanda\u015fa Kad\u0131na El Kal-ka-maz ve KADES Uygulamas\u0131 konusunda bilgilendirme faaliyeti icra edilmi\u015f, Ayr\u0131ca Bayat il\u00e7esinde bulunan okullarda e\u011fitim g\u00f6ren&#8230;<\/p>\n","protected":false},"author":1,"featured_media":64504,"comment_status":"open","ping_status":"open","sticky":false,"template":"","format":"standard","meta":{"_crdt_document":"","footnotes":""},"categories":[1],"tags":[],"class_list":["post-64503","post","type-post","status-publish","format-standard","has-post-thumbnail","hentry","category-guncel"],"_links":{"self":[{"href":"https:\/\/www.egemtv.com\/index.php?rest_route=\/wp\/v2\/posts\/64503","targetHints":{"allow":["GET"]}}],"collection":[{"href":"https:\/\/www.egemtv.com\/index.php?rest_route=\/wp\/v2\/posts"}],"about":[{"href":"https:\/\/www.egemtv.com\/index.php?rest_route=\/wp\/v2\/types\/post"}],"author":[{"embeddable":true,"href":"https:\/\/www.egemtv.com\/index.php?rest_route=\/wp\/v2\/users\/1"}],"replies":[{"embeddable":true,"href":"https:\/\/www.egemtv.com\/index.php?rest_route=%2Fwp%2Fv2%2Fcomments&post=64503"}],"version-history":[{"count":1,"href":"https:\/\/www.egemtv.com\/index.php?rest_route=\/wp\/v2\/posts\/64503\/revisions"}],"predecessor-version":[{"id":64505,"href":"https:\/\/www.egemtv.com\/index.php?rest_route=\/wp\/v2\/posts\/64503\/revisions\/64505"}],"wp:featuredmedia":[{"embeddable":true,"href":"https:\/\/www.egemtv.com\/index.php?rest_route=\/wp\/v2\/media\/64504"}],"wp:attachment":[{"href":"https:\/\/www.egemtv.com\/index.php?rest_route=%2Fwp%2Fv2%2Fmedia&parent=64503"}],"wp:term":[{"taxonomy":"category","embeddable":true,"href":"https:\/\/www.egemtv.com\/index.php?rest_route=%2Fwp%2Fv2%2Fcategories&post=64503"},{"taxonomy":"post_tag","embeddable":true,"href":"https:\/\/www.egemtv.com\/index.php?rest_route=%2Fwp%2Fv2%2Ftags&post=64503"}],"curies":[{"name":"wp","href":"https:\/\/api.w.org\/{rel}","templated":true}]}}