{"id":64500,"date":"2025-10-29T11:34:46","date_gmt":"2025-10-29T08:34:46","guid":{"rendered":"https:\/\/www.egemtv.com\/?p=64500"},"modified":"2025-10-29T11:34:47","modified_gmt":"2025-10-29T08:34:47","slug":"dugun-ve-eglencelerde-havaya-ates-acan-sahislara-yonelik-operasyon","status":"publish","type":"post","link":"https:\/\/www.egemtv.com\/?p=64500","title":{"rendered":"D\u00fc\u011f\u00fcn ve e\u011flencelerde havaya ate\u015f a\u00e7an \u015fah\u0131slara y\u00f6nelik operasyon"},"content":{"rendered":"<p>Afyonkarahisar\u2019da jandarma taraf\u0131ndan d\u00fc\u011f\u00fcnlerde havaya ate\u015f a\u00e7an \u015fah\u0131slara y\u00f6nelik ger\u00e7ekle\u015ftirilen operasyonda \u00e7ok say\u0131da silah ele ge\u00e7irilirken operasyonda 7 ki\u015fide g\u00f6zalt\u0131na al\u0131nd\u0131.<br \/>\n<br \/>Edinilen bilgilere g\u00f6re, Afyonkarahisar \u0130l Jandarma Komutanl\u0131\u011f\u0131 ekipleri taraf\u0131ndan d\u00fc\u011f\u00fcn ve e\u011flencelerde havaya ate\u015f a\u00e7arak genel g\u00fcvenli\u011fi kasten tehlikeye sokan \u015fah\u0131slara y\u00f6nelik operasyon yap\u0131ld\u0131. Operasyonda yap\u0131lan aramada 2 adet kuru s\u0131k\u0131 tabanca, 5 adet ruhsats\u0131z av t\u00fcfe\u011fi, 2 adet ruhsatl\u0131 av t\u00fcfe\u011fi, 48 adet 12 kalibre \u00e7ap\u0131nda av t\u00fcfe\u011fi fi\u015fe\u011fi ve 3 Adet 6136 say\u0131l\u0131 kanun \u00e7er\u00e7evesinde oldu\u011fu de\u011ferlendirilen b\u0131\u00e7ak ele ge\u00e7irildi. Operasyon sonras\u0131 \u0130.K., \u0130.D., R.T, O.T., M.K., A.D ve M.G. isimli \u015fah\u0131slar g\u00f6zalt\u0131na al\u0131nd\u0131.<br \/><\/p>\n","protected":false},"excerpt":{"rendered":"<p>Afyonkarahisar\u2019da jandarma taraf\u0131ndan d\u00fc\u011f\u00fcnlerde havaya ate\u015f a\u00e7an \u015fah\u0131slara y\u00f6nelik ger\u00e7ekle\u015ftirilen operasyonda \u00e7ok say\u0131da silah ele ge\u00e7irilirken operasyonda 7 ki\u015fide g\u00f6zalt\u0131na al\u0131nd\u0131. Edinilen bilgilere g\u00f6re, Afyonkarahisar \u0130l Jandarma Komutanl\u0131\u011f\u0131 ekipleri taraf\u0131ndan d\u00fc\u011f\u00fcn ve e\u011flencelerde havaya ate\u015f a\u00e7arak genel g\u00fcvenli\u011fi kasten tehlikeye sokan \u015fah\u0131slara y\u00f6nelik operasyon yap\u0131ld\u0131. Operasyonda yap\u0131lan aramada 2 adet kuru s\u0131k\u0131 tabanca, 5 adet&#8230;<\/p>\n","protected":false},"author":1,"featured_media":64501,"comment_status":"open","ping_status":"open","sticky":false,"template":"","format":"standard","meta":{"_crdt_document":"","footnotes":""},"categories":[5],"tags":[],"class_list":["post-64500","post","type-post","status-publish","format-standard","has-post-thumbnail","hentry","category-asayis"],"_links":{"self":[{"href":"https:\/\/www.egemtv.com\/index.php?rest_route=\/wp\/v2\/posts\/64500","targetHints":{"allow":["GET"]}}],"collection":[{"href":"https:\/\/www.egemtv.com\/index.php?rest_route=\/wp\/v2\/posts"}],"about":[{"href":"https:\/\/www.egemtv.com\/index.php?rest_route=\/wp\/v2\/types\/post"}],"author":[{"embeddable":true,"href":"https:\/\/www.egemtv.com\/index.php?rest_route=\/wp\/v2\/users\/1"}],"replies":[{"embeddable":true,"href":"https:\/\/www.egemtv.com\/index.php?rest_route=%2Fwp%2Fv2%2Fcomments&post=64500"}],"version-history":[{"count":1,"href":"https:\/\/www.egemtv.com\/index.php?rest_route=\/wp\/v2\/posts\/64500\/revisions"}],"predecessor-version":[{"id":64502,"href":"https:\/\/www.egemtv.com\/index.php?rest_route=\/wp\/v2\/posts\/64500\/revisions\/64502"}],"wp:featuredmedia":[{"embeddable":true,"href":"https:\/\/www.egemtv.com\/index.php?rest_route=\/wp\/v2\/media\/64501"}],"wp:attachment":[{"href":"https:\/\/www.egemtv.com\/index.php?rest_route=%2Fwp%2Fv2%2Fmedia&parent=64500"}],"wp:term":[{"taxonomy":"category","embeddable":true,"href":"https:\/\/www.egemtv.com\/index.php?rest_route=%2Fwp%2Fv2%2Fcategories&post=64500"},{"taxonomy":"post_tag","embeddable":true,"href":"https:\/\/www.egemtv.com\/index.php?rest_route=%2Fwp%2Fv2%2Ftags&post=64500"}],"curies":[{"name":"wp","href":"https:\/\/api.w.org\/{rel}","templated":true}]}}