{"id":64479,"date":"2025-10-29T09:55:11","date_gmt":"2025-10-29T06:55:11","guid":{"rendered":"https:\/\/www.egemtv.com\/?p=64479"},"modified":"2025-10-29T09:55:12","modified_gmt":"2025-10-29T06:55:12","slug":"baskan-erol-buharkentimizin-tarihine-bir-kez-daha-taniklik-ettik","status":"publish","type":"post","link":"https:\/\/www.egemtv.com\/?p=64479","title":{"rendered":"Ba\u015fkan Erol: &#8220;Buharkent\u2019imizin tarihine bir kez daha tan\u0131kl\u0131k ettik&#8221;"},"content":{"rendered":"<p>Ayd\u0131n\u2019\u0131n Buharkent il\u00e7esinde ziyarete a\u00e7\u0131lan Kent M\u00fczesi, il\u00e7enin haf\u0131zas\u0131na katk\u0131 sunmaya devam ederken Vali Yard\u0131mc\u0131s\u0131 \u00c7etin K\u0131l\u0131n\u00e7\u2019a m\u00fczeyi gezdirerek il\u00e7e tarihini anlatan Buharkent Belediye Ba\u015fkan\u0131 Mehmet Erol; &#8220;Buharkent\u2019imizin tarihine bir kez daha tan\u0131kl\u0131k ettik&#8221; dedi.<br \/>\n<br \/>Buharkent il\u00e7esi Atat\u00fcrk Caddesi \u00fczerinde bulunan ve y\u0131llard\u0131r at\u0131l durumda olan tarihi bina, ata miraslar\u0131n\u0131n ve k\u00fclt\u00fcr\u00fcn gelecek nesillere aktar\u0131lmas\u0131 ad\u0131na kent m\u00fczesi olarak il\u00e7eye kazand\u0131r\u0131ld\u0131. Buharkent Belediye Ba\u015fkan\u0131 Mehmet Erol\u2019un talimat\u0131yla sat\u0131n al\u0131nan tarihi bina, restorasyon ve tefri\u015fat \u00e7al\u0131\u015fmalar\u0131n\u0131n tamamlanmas\u0131n\u0131n ard\u0131ndan Kent M\u00fczesi olarak hizmet vermeye ba\u015flad\u0131. M\u00fczede sergilenen ata miras\u0131 e\u015fyalarla il\u00e7enin kimli\u011fi ya\u015fat\u0131l\u0131rken, Ayd\u0131n Vali Yard\u0131mc\u0131s\u0131 \u00c7etin K\u0131l\u0131n\u00e7 da m\u00fczeyi ziyaret etti. Vali Yard\u0131mc\u0131s\u0131 K\u0131l\u0131n\u00e7\u2019a m\u00fczeyi gezdiren ve il\u00e7e tarihi hakk\u0131nda detayl\u0131 bilgi veren Buharkent Belediye Ba\u015fkan\u0131 Mehmet Erol, Buharkent\u2019in kimli\u011fini korumak ve gelece\u011fe aktarmak ad\u0131na m\u00fczede sergilenecek e\u015fyalar ile ilgili vatanda\u015flar\u0131n da b\u00fcy\u00fck destek verdi\u011fini vurgulad\u0131.<br \/>\n<br \/>M\u00fczede Buharkent\u2019in tarihine bir kez daha tan\u0131kl\u0131k ettiklerini ifade eden Ba\u015fkan Erol, a\u00e7\u0131klamas\u0131nda &#8220;Vali Yard\u0131mc\u0131m\u0131z \u00c7etin K\u0131l\u0131n\u00e7 ile birlikte, 2023 y\u0131l\u0131nda hizmete a\u00e7t\u0131\u011f\u0131m\u0131z Buharkent Kent M\u00fczesini ziyaret ederek ge\u00e7mi\u015fimizi ya\u015fatan bu \u00f6zel mekanda Buharkent\u2019imizin tarihine bir kez daha tan\u0131kl\u0131k ettik&#8221; ifadeleri yer ald\u0131.<br \/><\/p>\n","protected":false},"excerpt":{"rendered":"<p>Ayd\u0131n\u2019\u0131n Buharkent il\u00e7esinde ziyarete a\u00e7\u0131lan Kent M\u00fczesi, il\u00e7enin haf\u0131zas\u0131na katk\u0131 sunmaya devam ederken Vali Yard\u0131mc\u0131s\u0131 \u00c7etin K\u0131l\u0131n\u00e7\u2019a m\u00fczeyi gezdirerek il\u00e7e tarihini anlatan Buharkent Belediye Ba\u015fkan\u0131 Mehmet Erol; &#8220;Buharkent\u2019imizin tarihine bir kez daha tan\u0131kl\u0131k ettik&#8221; dedi. Buharkent il\u00e7esi Atat\u00fcrk Caddesi \u00fczerinde bulunan ve y\u0131llard\u0131r at\u0131l durumda olan tarihi bina, ata miraslar\u0131n\u0131n ve k\u00fclt\u00fcr\u00fcn gelecek nesillere aktar\u0131lmas\u0131&#8230;<\/p>\n","protected":false},"author":1,"featured_media":64480,"comment_status":"open","ping_status":"open","sticky":false,"template":"","format":"standard","meta":{"_crdt_document":"","footnotes":""},"categories":[1],"tags":[],"class_list":["post-64479","post","type-post","status-publish","format-standard","has-post-thumbnail","hentry","category-guncel"],"_links":{"self":[{"href":"https:\/\/www.egemtv.com\/index.php?rest_route=\/wp\/v2\/posts\/64479","targetHints":{"allow":["GET"]}}],"collection":[{"href":"https:\/\/www.egemtv.com\/index.php?rest_route=\/wp\/v2\/posts"}],"about":[{"href":"https:\/\/www.egemtv.com\/index.php?rest_route=\/wp\/v2\/types\/post"}],"author":[{"embeddable":true,"href":"https:\/\/www.egemtv.com\/index.php?rest_route=\/wp\/v2\/users\/1"}],"replies":[{"embeddable":true,"href":"https:\/\/www.egemtv.com\/index.php?rest_route=%2Fwp%2Fv2%2Fcomments&post=64479"}],"version-history":[{"count":1,"href":"https:\/\/www.egemtv.com\/index.php?rest_route=\/wp\/v2\/posts\/64479\/revisions"}],"predecessor-version":[{"id":64481,"href":"https:\/\/www.egemtv.com\/index.php?rest_route=\/wp\/v2\/posts\/64479\/revisions\/64481"}],"wp:featuredmedia":[{"embeddable":true,"href":"https:\/\/www.egemtv.com\/index.php?rest_route=\/wp\/v2\/media\/64480"}],"wp:attachment":[{"href":"https:\/\/www.egemtv.com\/index.php?rest_route=%2Fwp%2Fv2%2Fmedia&parent=64479"}],"wp:term":[{"taxonomy":"category","embeddable":true,"href":"https:\/\/www.egemtv.com\/index.php?rest_route=%2Fwp%2Fv2%2Fcategories&post=64479"},{"taxonomy":"post_tag","embeddable":true,"href":"https:\/\/www.egemtv.com\/index.php?rest_route=%2Fwp%2Fv2%2Ftags&post=64479"}],"curies":[{"name":"wp","href":"https:\/\/api.w.org\/{rel}","templated":true}]}}