{"id":64476,"date":"2025-10-29T08:54:53","date_gmt":"2025-10-29T05:54:53","guid":{"rendered":"https:\/\/www.egemtv.com\/?p=64476"},"modified":"2025-10-29T08:54:54","modified_gmt":"2025-10-29T05:54:54","slug":"aydinda-yagislarin-ardindan-zeytin-hasadi-basladi","status":"publish","type":"post","link":"https:\/\/www.egemtv.com\/?p=64476","title":{"rendered":"Ayd\u0131n\u2019da ya\u011f\u0131\u015flar\u0131n ard\u0131ndan zeytin hasad\u0131 ba\u015flad\u0131"},"content":{"rendered":"<p>T\u00fcrkiye\u2019nin en \u00f6nemli zeytin ve zeytinya\u011f\u0131 \u00fcretim merkezleriniden bir olan Ayd\u0131n\u2019da 20025-2026 y\u0131l\u0131 hasat d\u00f6nemi ba\u015flad\u0131. Bu y\u0131l uzun s\u00fcren kurakl\u0131\u011f\u0131n ard\u0131ndan ger\u00e7ekle\u015fen ya\u011f\u0131\u015flar\u0131n \u00fcreticiye umut oldu\u011funu kaydeden Karya Farma Kurucusu Hakan Ba\u015fl\u0131k, &#8220;Kurum olarak zeytin ve zeytinya\u011f\u0131n\u0131 bir g\u0131da de\u011fil \u015fifa kayna\u011f\u0131 \u00fcr\u00fcn olarak g\u00f6r\u00fcyoruz. Ya\u011f\u0131\u015flar\u0131n ard\u0131ndan hasada ba\u015flad\u0131k. Verim de rekolte de \u00e7ok iyi&#8221; diye konu\u015ftu.<br \/>\n<br \/>Genellikle sofral\u0131k ve \u00f6zel t\u00fcketim ye\u015fil zeytinya\u011f\u0131 \u00fcretimi yapmak isteyenlerin ya\u011f\u0131\u015flar\u0131n ard\u0131ndan hasada ba\u015flad\u0131\u011f\u0131 Ayd\u0131n\u2019da toplanan zeytinler al\u0131m merkezlerinde elenerek boyutuna g\u00f6re ayr\u0131ld\u0131ktan sonra sat\u0131\u015fa sunuluyor. \u00d6zel ye\u015fil zeytinya\u011f\u0131 yapmak isteyenler ise hasattan hemen sonra zeytinleri s\u0131kt\u0131r\u0131p cizemlik ya\u011f elde ediyor.<br \/>\n<br \/>Ayd\u0131n\u2019da kurak ge\u00e7en yaz\u0131n ard\u0131ndan ge\u00e7ti\u011fimiz haftalarda ba\u015flayan ya\u011f\u0131\u015flarla zeytinlerin hasat etme seviyesine ula\u015ft\u0131\u011f\u0131n\u0131 kaydeden Hakan Ba\u015fl\u0131k, &#8220;verilere g\u00f6re ilimiz Ayd\u0131n\u2019da 154 bin hektarl\u0131k alanda zeytin \u00fcretimi yap\u0131l\u0131yor. Ayd\u0131n\u2019da ya\u011fl\u0131k ve sofral\u0131k olarak yakla\u015f\u0131k 1 milyon 750 bin ton \u00fcretim ger\u00e7ekle\u015fiyor. Mevcut olan 25 milyon a\u011fa\u00e7 varl\u0131\u011f\u0131 da her ge\u00e7en g\u00fcn art\u0131yor. Sekt\u00f6rdeki en b\u00fcy\u00fck s\u0131k\u0131nt\u0131 maalesef zeytin ve zeytinya\u011f\u0131 s\u0131radan bir tar\u0131msal \u00fcr\u00fcn olarak g\u00f6r\u00fclmesi. Oysa bu \u00fcr\u00fcn \u015fifa niyetine t\u00fcketilmesi gereken bir g\u0131da oldu\u011fu anla\u015f\u0131l\u0131nca zeytin ve zeytinya\u011f\u0131 hak etti\u011fi de\u011feri bulacakt\u0131r&#8221; dedi.<br \/><\/p>\n","protected":false},"excerpt":{"rendered":"<p>T\u00fcrkiye\u2019nin en \u00f6nemli zeytin ve zeytinya\u011f\u0131 \u00fcretim merkezleriniden bir olan Ayd\u0131n\u2019da 20025-2026 y\u0131l\u0131 hasat d\u00f6nemi ba\u015flad\u0131. Bu y\u0131l uzun s\u00fcren kurakl\u0131\u011f\u0131n ard\u0131ndan ger\u00e7ekle\u015fen ya\u011f\u0131\u015flar\u0131n \u00fcreticiye umut oldu\u011funu kaydeden Karya Farma Kurucusu Hakan Ba\u015fl\u0131k, &#8220;Kurum olarak zeytin ve zeytinya\u011f\u0131n\u0131 bir g\u0131da de\u011fil \u015fifa kayna\u011f\u0131 \u00fcr\u00fcn olarak g\u00f6r\u00fcyoruz. Ya\u011f\u0131\u015flar\u0131n ard\u0131ndan hasada ba\u015flad\u0131k. Verim de rekolte de \u00e7ok&#8230;<\/p>\n","protected":false},"author":1,"featured_media":64477,"comment_status":"open","ping_status":"open","sticky":false,"template":"","format":"standard","meta":{"_crdt_document":"","footnotes":""},"categories":[125],"tags":[],"class_list":["post-64476","post","type-post","status-publish","format-standard","has-post-thumbnail","hentry","category-ekonomi"],"_links":{"self":[{"href":"https:\/\/www.egemtv.com\/index.php?rest_route=\/wp\/v2\/posts\/64476","targetHints":{"allow":["GET"]}}],"collection":[{"href":"https:\/\/www.egemtv.com\/index.php?rest_route=\/wp\/v2\/posts"}],"about":[{"href":"https:\/\/www.egemtv.com\/index.php?rest_route=\/wp\/v2\/types\/post"}],"author":[{"embeddable":true,"href":"https:\/\/www.egemtv.com\/index.php?rest_route=\/wp\/v2\/users\/1"}],"replies":[{"embeddable":true,"href":"https:\/\/www.egemtv.com\/index.php?rest_route=%2Fwp%2Fv2%2Fcomments&post=64476"}],"version-history":[{"count":1,"href":"https:\/\/www.egemtv.com\/index.php?rest_route=\/wp\/v2\/posts\/64476\/revisions"}],"predecessor-version":[{"id":64478,"href":"https:\/\/www.egemtv.com\/index.php?rest_route=\/wp\/v2\/posts\/64476\/revisions\/64478"}],"wp:featuredmedia":[{"embeddable":true,"href":"https:\/\/www.egemtv.com\/index.php?rest_route=\/wp\/v2\/media\/64477"}],"wp:attachment":[{"href":"https:\/\/www.egemtv.com\/index.php?rest_route=%2Fwp%2Fv2%2Fmedia&parent=64476"}],"wp:term":[{"taxonomy":"category","embeddable":true,"href":"https:\/\/www.egemtv.com\/index.php?rest_route=%2Fwp%2Fv2%2Fcategories&post=64476"},{"taxonomy":"post_tag","embeddable":true,"href":"https:\/\/www.egemtv.com\/index.php?rest_route=%2Fwp%2Fv2%2Ftags&post=64476"}],"curies":[{"name":"wp","href":"https:\/\/api.w.org\/{rel}","templated":true}]}}