{"id":64473,"date":"2025-10-29T08:14:35","date_gmt":"2025-10-29T05:14:35","guid":{"rendered":"https:\/\/www.egemtv.com\/?p=64473"},"modified":"2025-10-29T08:14:36","modified_gmt":"2025-10-29T05:14:36","slug":"kutahyada-motosiklet-kazasi-1-agir-yarali","status":"publish","type":"post","link":"https:\/\/www.egemtv.com\/?p=64473","title":{"rendered":"K\u00fctahya\u2019da motosiklet kazas\u0131: 1 a\u011f\u0131r yaral\u0131"},"content":{"rendered":"<p>K\u00fctahya\u2019n\u0131n Tav\u015fanl\u0131 il\u00e7esinde meydana gelen motosiklet kazas\u0131nda a\u011f\u0131r yaralanan s\u00fcr\u00fcc\u00fcn\u00fcn duran nabz\u0131, sa\u011fl\u0131k ekiplerinin yo\u011fun \u00e7abas\u0131yla yeniden \u00e7al\u0131\u015ft\u0131r\u0131ld\u0131. S\u00fcr\u00fcc\u00fcn\u00fcn hayati tehlikesinin devam etti\u011fi \u00f6\u011frenildi.<br \/>\n<br \/>Kaza, Tav\u015fanl\u0131 il\u00e7esi Durak Mahallesi Domani\u00e7 Caddesi giri\u015finde meydana geldi. Yerde devrilmi\u015f motosiklet ve hareketsiz bir \u015fahs\u0131 g\u00f6ren vatanda\u015flar, durumu 112 Acil Servis ve polis ekiplerine bildirdi. Olay yerine k\u0131sa s\u00fcrede ula\u015fan ekipler, 43 AEL 088 plakal\u0131 motosikletin alt\u0131nda kalan s\u00fcr\u00fcc\u00fc K.K.\u2019ya ilk m\u00fcdahaleyi yapt\u0131. Yap\u0131lan incelemede nabz\u0131n\u0131n durdu\u011fu belirlenen K.K., sa\u011fl\u0131k ekipleri ve olay yerindeki hastane personelinin yo\u011fun \u00e7abas\u0131 sonucu nabz\u0131 yeniden \u00e7al\u0131\u015ft\u0131r\u0131ld\u0131. A\u011f\u0131r yaral\u0131 s\u00fcr\u00fcc\u00fc, ilk m\u00fcdahalenin ard\u0131ndan K\u00fctahya \u015eehir Hastanesi\u2019ne sevk edilerek yo\u011fun bak\u0131m \u00fcnitesine al\u0131nd\u0131. K.K.\u2019n\u0131n sa\u011fl\u0131k durumunun ciddiyetini korudu\u011fu bildirildi.<br \/>\n<br \/>Kazayla ilgili polis ekipleri taraf\u0131ndan soru\u015fturma ba\u015flat\u0131ld\u0131.<br \/><\/p>\n","protected":false},"excerpt":{"rendered":"<p>K\u00fctahya\u2019n\u0131n Tav\u015fanl\u0131 il\u00e7esinde meydana gelen motosiklet kazas\u0131nda a\u011f\u0131r yaralanan s\u00fcr\u00fcc\u00fcn\u00fcn duran nabz\u0131, sa\u011fl\u0131k ekiplerinin yo\u011fun \u00e7abas\u0131yla yeniden \u00e7al\u0131\u015ft\u0131r\u0131ld\u0131. S\u00fcr\u00fcc\u00fcn\u00fcn hayati tehlikesinin devam etti\u011fi \u00f6\u011frenildi. Kaza, Tav\u015fanl\u0131 il\u00e7esi Durak Mahallesi Domani\u00e7 Caddesi giri\u015finde meydana geldi. Yerde devrilmi\u015f motosiklet ve hareketsiz bir \u015fahs\u0131 g\u00f6ren vatanda\u015flar, durumu 112 Acil Servis ve polis ekiplerine bildirdi. Olay yerine k\u0131sa s\u00fcrede&#8230;<\/p>\n","protected":false},"author":1,"featured_media":64474,"comment_status":"open","ping_status":"open","sticky":false,"template":"","format":"standard","meta":{"_crdt_document":"","footnotes":""},"categories":[5],"tags":[],"class_list":["post-64473","post","type-post","status-publish","format-standard","has-post-thumbnail","hentry","category-asayis"],"_links":{"self":[{"href":"https:\/\/www.egemtv.com\/index.php?rest_route=\/wp\/v2\/posts\/64473","targetHints":{"allow":["GET"]}}],"collection":[{"href":"https:\/\/www.egemtv.com\/index.php?rest_route=\/wp\/v2\/posts"}],"about":[{"href":"https:\/\/www.egemtv.com\/index.php?rest_route=\/wp\/v2\/types\/post"}],"author":[{"embeddable":true,"href":"https:\/\/www.egemtv.com\/index.php?rest_route=\/wp\/v2\/users\/1"}],"replies":[{"embeddable":true,"href":"https:\/\/www.egemtv.com\/index.php?rest_route=%2Fwp%2Fv2%2Fcomments&post=64473"}],"version-history":[{"count":1,"href":"https:\/\/www.egemtv.com\/index.php?rest_route=\/wp\/v2\/posts\/64473\/revisions"}],"predecessor-version":[{"id":64475,"href":"https:\/\/www.egemtv.com\/index.php?rest_route=\/wp\/v2\/posts\/64473\/revisions\/64475"}],"wp:featuredmedia":[{"embeddable":true,"href":"https:\/\/www.egemtv.com\/index.php?rest_route=\/wp\/v2\/media\/64474"}],"wp:attachment":[{"href":"https:\/\/www.egemtv.com\/index.php?rest_route=%2Fwp%2Fv2%2Fmedia&parent=64473"}],"wp:term":[{"taxonomy":"category","embeddable":true,"href":"https:\/\/www.egemtv.com\/index.php?rest_route=%2Fwp%2Fv2%2Fcategories&post=64473"},{"taxonomy":"post_tag","embeddable":true,"href":"https:\/\/www.egemtv.com\/index.php?rest_route=%2Fwp%2Fv2%2Ftags&post=64473"}],"curies":[{"name":"wp","href":"https:\/\/api.w.org\/{rel}","templated":true}]}}