{"id":64386,"date":"2025-10-28T15:55:44","date_gmt":"2025-10-28T12:55:44","guid":{"rendered":"https:\/\/www.egemtv.com\/?p=64386"},"modified":"2025-10-28T15:55:45","modified_gmt":"2025-10-28T12:55:45","slug":"cumhuriyetin-102-yildonumu-marmariste-celenk-sunma-toreni-ile-basladi","status":"publish","type":"post","link":"https:\/\/www.egemtv.com\/?p=64386","title":{"rendered":"Cumhuriyetin 102. Y\u0131ld\u00f6n\u00fcm\u00fc Marmaris\u2019te \u00e7elenk sunma t\u00f6reni ile ba\u015flad\u0131"},"content":{"rendered":"<p>T\u00fcrkiye Cumhuriyetinin 102. y\u0131ld\u00f6n\u00fcm\u00fcn\u00fcn kutlamalar\u0131 programlar\u0131 dahilinde Mu\u011fla\u2019n\u0131n Marmaris il\u00e7esinde \u00c7elenk sunma t\u00f6reni yap\u0131ld\u0131. Marmaris Atat\u00fcrk meydan\u0131nda d\u00fczenlenen t\u00f6rende Marmaris Kaymakam\u0131 Nurullah Kaya, Aksaz Deniz \u00dcs Komutan\u0131 Tu\u011famiral Hamdi Abanoz ve Marmaris Belediye Ba\u015fkan\u0131 Acar \u00dcnl\u00fc Atat\u00fcrk An\u0131t\u0131\u2019na \u00e7elenk sundu.<\/p>\n<p>T\u00f6ren Aksaz Askeri Bandosunun e\u015fli\u011finde sayg\u0131 duru\u015fu ve istiklal mar\u015f\u0131n\u0131n okunmas\u0131n\u0131n ard\u0131ndan sona erdi.<\/p>\n<p>Resm\u00ee kutlama program\u0131 29 Ekim \u00c7ar\u015famba g\u00fcn\u00fc saat 10.00\u2019da \u0130l\u00e7e Stad\u0131\u2019nda yap\u0131lacak. Marmaris Kaymakam\u0131 Nurullah Kaya, g\u00fcn\u00fcn anlam ve \u00f6nemine ili\u015fkin konu\u015fmas\u0131n\u0131 ger\u00e7ekle\u015ftirecek. Program, \u015fiirlerin okunmas\u0131, \u00f6d\u00fcl t\u00f6reni, halk g\u00f6sterileri ve G\u00fcney Deniz Saha Komutanl\u0131\u011f\u0131 Bandosunun konseriyle devam edecek. T\u00f6ren ge\u00e7i\u015finin ard\u0131ndan etkinlikler kapan\u0131\u015fla sona erecek.<\/p>\n<p>Ayr\u0131ca \u20189 Ekim \u00c7ar\u015famba g\u00fcn\u00fc  Atat\u00fcrk Bilim ve E\u011fitim Park\u0131\u2019nda \u00e7ocuklar i\u00e7in y\u00fcz boyama, ta\u015f boyama ve oyun etkinlikleri d\u00fczenlenecek. Ak\u015fam saatlerinde 20.30\u2019da Fener Alay\u0131 korteji Keten\u00e7i Otel \u00f6n\u00fcnden ba\u015flayarak Atat\u00fcrk Meydan\u0131\u2019nda son bulup Zakkum Grubu Halk Konseri ile devam edecek.<\/p>\n<p>T\u00f6rene, Marmaris Kaymakam\u0131 Nurullah Kaya, Aksaz Deniz \u00fcs komutan\u0131 Tu\u011famiral Hamdi Abanoz, Marmaris Cumhuriyet ba\u015fsavc\u0131s\u0131 Fatmag\u00fcl Y\u00f6r\u00fck, Marmaris Belediye Ba\u015fkan\u0131 Acar \u00dcnl\u00fc, \u0130l\u00e7e Jandarma komutan\u0131 Binba\u015f\u0131 Berker Dongul, \u0130l\u00e7e Emniyet M\u00fcd\u00fcr\u00fc Samed Seyhan, gaziler, siyasi parti temsilcileri, STK\u2019lar, muhtarlar ve  il\u00e7edeki kurum ve kurulu\u015f m\u00fcd\u00fcrleri ve \u00f6\u011frenciler kat\u0131l\u0131m sa\u011flad\u0131.<br \/><\/p>\n","protected":false},"excerpt":{"rendered":"<p>T\u00fcrkiye Cumhuriyetinin 102. y\u0131ld\u00f6n\u00fcm\u00fcn\u00fcn kutlamalar\u0131 programlar\u0131 dahilinde Mu\u011fla\u2019n\u0131n Marmaris il\u00e7esinde \u00c7elenk sunma t\u00f6reni yap\u0131ld\u0131. Marmaris Atat\u00fcrk meydan\u0131nda d\u00fczenlenen t\u00f6rende Marmaris Kaymakam\u0131 Nurullah Kaya, Aksaz Deniz \u00dcs Komutan\u0131 Tu\u011famiral Hamdi Abanoz ve Marmaris Belediye Ba\u015fkan\u0131 Acar \u00dcnl\u00fc Atat\u00fcrk An\u0131t\u0131\u2019na \u00e7elenk sundu. T\u00f6ren Aksaz Askeri Bandosunun e\u015fli\u011finde sayg\u0131 duru\u015fu ve istiklal mar\u015f\u0131n\u0131n okunmas\u0131n\u0131n ard\u0131ndan sona erdi. Resm\u00ee&#8230;<\/p>\n","protected":false},"author":1,"featured_media":64387,"comment_status":"open","ping_status":"open","sticky":false,"template":"","format":"standard","meta":{"_crdt_document":"","footnotes":""},"categories":[5],"tags":[],"class_list":["post-64386","post","type-post","status-publish","format-standard","has-post-thumbnail","hentry","category-asayis"],"_links":{"self":[{"href":"https:\/\/www.egemtv.com\/index.php?rest_route=\/wp\/v2\/posts\/64386","targetHints":{"allow":["GET"]}}],"collection":[{"href":"https:\/\/www.egemtv.com\/index.php?rest_route=\/wp\/v2\/posts"}],"about":[{"href":"https:\/\/www.egemtv.com\/index.php?rest_route=\/wp\/v2\/types\/post"}],"author":[{"embeddable":true,"href":"https:\/\/www.egemtv.com\/index.php?rest_route=\/wp\/v2\/users\/1"}],"replies":[{"embeddable":true,"href":"https:\/\/www.egemtv.com\/index.php?rest_route=%2Fwp%2Fv2%2Fcomments&post=64386"}],"version-history":[{"count":1,"href":"https:\/\/www.egemtv.com\/index.php?rest_route=\/wp\/v2\/posts\/64386\/revisions"}],"predecessor-version":[{"id":64388,"href":"https:\/\/www.egemtv.com\/index.php?rest_route=\/wp\/v2\/posts\/64386\/revisions\/64388"}],"wp:featuredmedia":[{"embeddable":true,"href":"https:\/\/www.egemtv.com\/index.php?rest_route=\/wp\/v2\/media\/64387"}],"wp:attachment":[{"href":"https:\/\/www.egemtv.com\/index.php?rest_route=%2Fwp%2Fv2%2Fmedia&parent=64386"}],"wp:term":[{"taxonomy":"category","embeddable":true,"href":"https:\/\/www.egemtv.com\/index.php?rest_route=%2Fwp%2Fv2%2Fcategories&post=64386"},{"taxonomy":"post_tag","embeddable":true,"href":"https:\/\/www.egemtv.com\/index.php?rest_route=%2Fwp%2Fv2%2Ftags&post=64386"}],"curies":[{"name":"wp","href":"https:\/\/api.w.org\/{rel}","templated":true}]}}