{"id":64383,"date":"2025-10-28T15:55:43","date_gmt":"2025-10-28T12:55:43","guid":{"rendered":"https:\/\/www.egemtv.com\/?p=64383"},"modified":"2025-10-28T15:55:44","modified_gmt":"2025-10-28T12:55:44","slug":"muglada-cumhuriyetin-102-yili-kutlamalari-basladi","status":"publish","type":"post","link":"https:\/\/www.egemtv.com\/?p=64383","title":{"rendered":"Mu\u011fla\u2019da Cumhuriyetin 102. y\u0131l\u0131 kutlamalar\u0131 ba\u015flad\u0131"},"content":{"rendered":"<p>Mu\u011fla\u2019da 29 Ekim Cumhuriyet Bayram\u0131 dolay\u0131s\u0131yla Atat\u00fcrk An\u0131t\u0131\u2019na \u00e7elenk sunuldu.<\/p>\n<p>29 Ekim Cumhuriyet Bayram\u0131\u2019n\u0131n 102. y\u0131ld\u00f6n\u00fcm\u00fc kutlamalar\u0131 kapsam\u0131nda Mente\u015fe il\u00e7esi Cumhuriyet Meydan\u0131\u2019nda Atat\u00fcrk An\u0131t\u0131\u2019na \u00e7elenk sunma t\u00f6reni d\u00fczenlendi.<\/p>\n<p>Mu\u011fla Valili\u011fi, Garnizon Komutanl\u0131\u011f\u0131 ve B\u00fcy\u00fck\u015fehir Belediye Ba\u015fkanl\u0131\u011f\u0131 makam \u00e7elenginin Atat\u00fcrk An\u0131t\u0131\u2019na sunulmas\u0131n\u0131n ard\u0131ndan sayg\u0131 duru\u015funda bulunuldu ve \u0130stiklal Mar\u015f\u0131 okundu. Daha sonra g\u00fcn\u00fcn an\u0131s\u0131na Mu\u011fla Valisi \u0130dris Akb\u0131y\u0131k, An\u0131t \u015eeref Defteri\u2019ni imzalad\u0131.<\/p>\n<p>Akb\u0131y\u0131k, a\u00e7\u0131klamas\u0131nda \u015funlar\u0131 s\u00f6yledi:<br \/>\n<br \/>&#8220;Aziz Atat\u00fcrk, bug\u00fcn Cumhuriyetimizin 102. y\u0131l\u0131na eri\u015fmenin heyecan\u0131 ve gururuyla manevi huzurunuzday\u0131z. Zat\u0131alinizin ve istiklal m\u00fccadelemizin t\u00fcm kahramanlar\u0131n\u0131 vatan\u0131m\u0131z u\u011fruna can veren aziz \u015fehitlerimizi ebediyete ithal eden kahraman karde\u015flerimize rahmet ve minnet an\u0131yor, \u015f\u00fckranlar\u0131m\u0131z\u0131 sunuyoruz. Birlik ve beraberlik i\u00e7erisinde benim en b\u00fcy\u00fck eserim dedi\u011finiz cumhuriyetimizi, vatan\u0131m\u0131z\u0131n b\u00fct\u00fcnl\u00fc\u011f\u00fcn\u00fc, \u015fanl\u0131 bayra\u011f\u0131m\u0131z\u0131 ve ba\u011f\u0131ms\u0131zl\u0131\u011f\u0131m\u0131z\u0131 ilelebet koruyaca\u011f\u0131m\u0131za s\u00f6z veriyoruz. T\u00fcrkiye Y\u00fczy\u0131l\u0131 vizyonuyla \u00fclkemizi muhas\u0131r medeniyetler seviyesine ta\u015f\u0131mak i\u00e7in kurtulu\u015f sava\u015f\u0131m\u0131z\u0131 zafere u\u011fra\u015ft\u0131ran ayn\u0131 inan\u00e7 ve kararl\u0131l\u0131kla \u00e7ok \u00e7al\u0131\u015faca\u011f\u0131z. Tarihin \u015fahitlik etti\u011fi en b\u00fcy\u00fck kahramanl\u0131k destan\u0131n\u0131 yazan b\u00fcy\u00fck T\u00fcrk milleti olarak yakt\u0131\u011f\u0131n\u0131z me\u015faleyi bug\u00fcne kadar oldu\u011fu gibi bundan sonra da onurla ta\u015f\u0131yaca\u011f\u0131m\u0131zdan asla \u015f\u00fcpheniz olmas\u0131n. Cesaretiniz ve ileri g\u00f6r\u00fc\u015ft\u00fc\u011f\u00fcn\u00fcz bizlere daima g\u00fc\u00e7 ve ilham vermektedir. En b\u00fcy\u00fck bayra\u011f\u0131m\u0131z olan Cumhuriyet Bayram\u0131\u2019nda T\u00fcrk milleti olarak  \u00f6n\u00fcn\u00fczde sayg\u0131yla e\u011filiyor, \u015f\u00fckranlar\u0131m\u0131z\u0131 sunuyoruz. Ruhumuz \u015fad olsun, sonsuz minnet ve sayg\u0131yla an\u0131yoruz&#8221;<br \/><\/p>\n","protected":false},"excerpt":{"rendered":"<p>Mu\u011fla\u2019da 29 Ekim Cumhuriyet Bayram\u0131 dolay\u0131s\u0131yla Atat\u00fcrk An\u0131t\u0131\u2019na \u00e7elenk sunuldu. 29 Ekim Cumhuriyet Bayram\u0131\u2019n\u0131n 102. y\u0131ld\u00f6n\u00fcm\u00fc kutlamalar\u0131 kapsam\u0131nda Mente\u015fe il\u00e7esi Cumhuriyet Meydan\u0131\u2019nda Atat\u00fcrk An\u0131t\u0131\u2019na \u00e7elenk sunma t\u00f6reni d\u00fczenlendi. Mu\u011fla Valili\u011fi, Garnizon Komutanl\u0131\u011f\u0131 ve B\u00fcy\u00fck\u015fehir Belediye Ba\u015fkanl\u0131\u011f\u0131 makam \u00e7elenginin Atat\u00fcrk An\u0131t\u0131\u2019na sunulmas\u0131n\u0131n ard\u0131ndan sayg\u0131 duru\u015funda bulunuldu ve \u0130stiklal Mar\u015f\u0131 okundu. Daha sonra g\u00fcn\u00fcn an\u0131s\u0131na Mu\u011fla Valisi&#8230;<\/p>\n","protected":false},"author":1,"featured_media":64384,"comment_status":"open","ping_status":"open","sticky":false,"template":"","format":"standard","meta":{"_crdt_document":"","footnotes":""},"categories":[1],"tags":[],"class_list":["post-64383","post","type-post","status-publish","format-standard","has-post-thumbnail","hentry","category-guncel"],"_links":{"self":[{"href":"https:\/\/www.egemtv.com\/index.php?rest_route=\/wp\/v2\/posts\/64383","targetHints":{"allow":["GET"]}}],"collection":[{"href":"https:\/\/www.egemtv.com\/index.php?rest_route=\/wp\/v2\/posts"}],"about":[{"href":"https:\/\/www.egemtv.com\/index.php?rest_route=\/wp\/v2\/types\/post"}],"author":[{"embeddable":true,"href":"https:\/\/www.egemtv.com\/index.php?rest_route=\/wp\/v2\/users\/1"}],"replies":[{"embeddable":true,"href":"https:\/\/www.egemtv.com\/index.php?rest_route=%2Fwp%2Fv2%2Fcomments&post=64383"}],"version-history":[{"count":1,"href":"https:\/\/www.egemtv.com\/index.php?rest_route=\/wp\/v2\/posts\/64383\/revisions"}],"predecessor-version":[{"id":64385,"href":"https:\/\/www.egemtv.com\/index.php?rest_route=\/wp\/v2\/posts\/64383\/revisions\/64385"}],"wp:featuredmedia":[{"embeddable":true,"href":"https:\/\/www.egemtv.com\/index.php?rest_route=\/wp\/v2\/media\/64384"}],"wp:attachment":[{"href":"https:\/\/www.egemtv.com\/index.php?rest_route=%2Fwp%2Fv2%2Fmedia&parent=64383"}],"wp:term":[{"taxonomy":"category","embeddable":true,"href":"https:\/\/www.egemtv.com\/index.php?rest_route=%2Fwp%2Fv2%2Fcategories&post=64383"},{"taxonomy":"post_tag","embeddable":true,"href":"https:\/\/www.egemtv.com\/index.php?rest_route=%2Fwp%2Fv2%2Ftags&post=64383"}],"curies":[{"name":"wp","href":"https:\/\/api.w.org\/{rel}","templated":true}]}}