{"id":64380,"date":"2025-10-28T15:55:43","date_gmt":"2025-10-28T12:55:43","guid":{"rendered":"https:\/\/www.egemtv.com\/?p=64380"},"modified":"2025-10-28T15:55:43","modified_gmt":"2025-10-28T12:55:43","slug":"camelili-cocuklar-cumhuriyete-kostu","status":"publish","type":"post","link":"https:\/\/www.egemtv.com\/?p=64380","title":{"rendered":"\u00c7amelili \u00e7ocuklar cumhuriyete ko\u015ftu"},"content":{"rendered":"<p>DEN\u0130ZL\u0130 (\u0130HA) \u2013 Denizli\u2019nin \u00c7ameli il\u00e7esinde 29 Ekim Cumhuriyet Bayram\u0131 ve T\u00fcrkiye Cumhuriyetinin 102\u2019inci kurulu\u015f y\u0131l d\u00f6n\u00fcm\u00fc nedeniyle d\u00fczenlenen Cumhuriyet Ko\u015fusunda b\u00fcy\u00fck heyecan ya\u015fand\u0131.<\/p>\n<p>\u00c7ameli\u2019nde 29 Ekim Cumhuriyet Bayram\u0131 ve T\u00fcrkiye Cumhuriyetinin 102\u2019inci kurulu\u015f y\u0131l d\u00f6n\u00fcm\u00fc nedeniyle Cumhuriyet Ko\u015fusu d\u00fczenlendi. \u00c7ameli Kaymakaml\u0131\u011f\u0131, \u00c7ameli Belediyesi ve \u00c7ameli \u0130l\u00e7e Gen\u00e7lik ve Spor M\u00fcd\u00fcrl\u00fc\u011f\u00fc taraf\u0131ndan d\u00fczenlenen Cumhuriyet Ko\u015fusu, \u00f6\u011frencilerin yo\u011fun kat\u0131l\u0131m\u0131yla ger\u00e7ekle\u015ftirildi. \u00d6\u011frenciler, belirlenen parkurda ko\u015farak co\u015fkuyu birlikte ya\u015fad\u0131.<\/p>\n<p>Ko\u015fu boyunca g\u00fcvenlik \u00f6nlemleri al\u0131n\u0131rken,  sa\u011fl\u0131k ekipleri de haz\u0131r bulunduruldu. Cumhuriyet Ko\u015fusunda dereceye giren \u00f6\u011frencilerin, 29 Ekim Cumhuriyet Bayram\u0131 resmi t\u00f6reninde \u00f6d\u00fcllerini alacaklar\u0131 bildirildi.<br \/><\/p>\n","protected":false},"excerpt":{"rendered":"<p>DEN\u0130ZL\u0130 (\u0130HA) \u2013 Denizli\u2019nin \u00c7ameli il\u00e7esinde 29 Ekim Cumhuriyet Bayram\u0131 ve T\u00fcrkiye Cumhuriyetinin 102\u2019inci kurulu\u015f y\u0131l d\u00f6n\u00fcm\u00fc nedeniyle d\u00fczenlenen Cumhuriyet Ko\u015fusunda b\u00fcy\u00fck heyecan ya\u015fand\u0131. \u00c7ameli\u2019nde 29 Ekim Cumhuriyet Bayram\u0131 ve T\u00fcrkiye Cumhuriyetinin 102\u2019inci kurulu\u015f y\u0131l d\u00f6n\u00fcm\u00fc nedeniyle Cumhuriyet Ko\u015fusu d\u00fczenlendi. \u00c7ameli Kaymakaml\u0131\u011f\u0131, \u00c7ameli Belediyesi ve \u00c7ameli \u0130l\u00e7e Gen\u00e7lik ve Spor M\u00fcd\u00fcrl\u00fc\u011f\u00fc taraf\u0131ndan d\u00fczenlenen Cumhuriyet Ko\u015fusu,&#8230;<\/p>\n","protected":false},"author":1,"featured_media":64381,"comment_status":"open","ping_status":"open","sticky":false,"template":"","format":"standard","meta":{"_crdt_document":"","footnotes":""},"categories":[4],"tags":[],"class_list":["post-64380","post","type-post","status-publish","format-standard","has-post-thumbnail","hentry","category-spor"],"_links":{"self":[{"href":"https:\/\/www.egemtv.com\/index.php?rest_route=\/wp\/v2\/posts\/64380","targetHints":{"allow":["GET"]}}],"collection":[{"href":"https:\/\/www.egemtv.com\/index.php?rest_route=\/wp\/v2\/posts"}],"about":[{"href":"https:\/\/www.egemtv.com\/index.php?rest_route=\/wp\/v2\/types\/post"}],"author":[{"embeddable":true,"href":"https:\/\/www.egemtv.com\/index.php?rest_route=\/wp\/v2\/users\/1"}],"replies":[{"embeddable":true,"href":"https:\/\/www.egemtv.com\/index.php?rest_route=%2Fwp%2Fv2%2Fcomments&post=64380"}],"version-history":[{"count":1,"href":"https:\/\/www.egemtv.com\/index.php?rest_route=\/wp\/v2\/posts\/64380\/revisions"}],"predecessor-version":[{"id":64382,"href":"https:\/\/www.egemtv.com\/index.php?rest_route=\/wp\/v2\/posts\/64380\/revisions\/64382"}],"wp:featuredmedia":[{"embeddable":true,"href":"https:\/\/www.egemtv.com\/index.php?rest_route=\/wp\/v2\/media\/64381"}],"wp:attachment":[{"href":"https:\/\/www.egemtv.com\/index.php?rest_route=%2Fwp%2Fv2%2Fmedia&parent=64380"}],"wp:term":[{"taxonomy":"category","embeddable":true,"href":"https:\/\/www.egemtv.com\/index.php?rest_route=%2Fwp%2Fv2%2Fcategories&post=64380"},{"taxonomy":"post_tag","embeddable":true,"href":"https:\/\/www.egemtv.com\/index.php?rest_route=%2Fwp%2Fv2%2Ftags&post=64380"}],"curies":[{"name":"wp","href":"https:\/\/api.w.org\/{rel}","templated":true}]}}