{"id":64374,"date":"2025-10-28T15:35:03","date_gmt":"2025-10-28T12:35:03","guid":{"rendered":"https:\/\/www.egemtv.com\/?p=64374"},"modified":"2025-10-28T15:35:16","modified_gmt":"2025-10-28T12:35:16","slug":"duyarli-belediye-personeli-2-kayip-cocugu-da-buldu","status":"publish","type":"post","link":"https:\/\/www.egemtv.com\/?p=64374","title":{"rendered":"Duyarl\u0131 belediye personeli 2. kay\u0131p \u00e7ocu\u011fu da buldu"},"content":{"rendered":"<p>DEN\u0130ZL\u0130 (\u0130HA) \u2013 Denizli\u2019de ge\u00e7ti\u011fimiz y\u0131l balkondan atlayarak evden ka\u00e7an \u00e7ocu\u011fun bulunmas\u0131n\u0131 sa\u011flayan duyarl\u0131 belediye personeli H\u00fcseyin \u00dcnal, bu kez de kay\u0131p ihbar\u0131 yap\u0131lan 4 \u00e7ocu\u011fu ailesine kavu\u015fturdu.<\/p>\n<p>Edinilen bilgiye g\u00f6re; izin g\u00fcn\u00fcnde Denizli\u2019nin Pamukkale il\u00e7esine ba\u011fl\u0131 Atalar Mahallesi\u2019ndeki evinde dinlenen Denizli B\u00fcy\u00fck\u015fehir Belediyesi personeli H\u00fcseyin \u00dcnal, sosyal medyada gezinirken &#8220;\u00dczerinde Galatasaray formas\u0131 bulunan&#8221; 4 ya\u015f\u0131ndaki U.D.\u2019nin kay\u0131p olarak arand\u0131\u011f\u0131na dair payla\u015f\u0131mlar\u0131 g\u00f6rd\u00fc. \u00c7ocu\u011fun k\u0131sa s\u00fcre \u00f6nce Atalar Mahallesi\u2019ndeki evinden ayr\u0131ld\u0131\u011f\u0131n\u0131n payla\u015f\u0131mlarda yer almas\u0131 \u00fczerine duruma kay\u0131ts\u0131z kalmayan \u00dcnal, arama \u00e7al\u0131\u015fmalar\u0131na destek vermek i\u00e7in b\u00f6lgedeki sokaklar\u0131 ara\u015ft\u0131rmaya ba\u015flad\u0131. 20 dakika sonra evinden 1,5 kilometre uzakla\u015fan U.D.\u2019yi Hac\u0131kaplanlar Mahallesi Kaplanlar Camisi yan\u0131ndaki parkta bulan \u00dcnal, \u00e7ocu\u011fu polis ekiplerine teslim etti. \u00c7ocuklar\u0131na kavu\u015fan aile, g\u00f6sterdi\u011fi \u00f6rnek davran\u0131\u015f nedeniyle duyarl\u0131 belediye personeline te\u015fekk\u00fcr etti.<\/p>\n<p>H\u00fcseyin \u00dcnal, 24 Ekim 2024 tarihinde ise Pamukkale il\u00e7esine ba\u011fl\u0131 15 May\u0131s Mahallesi\u2019nde dedesi ve 3 karde\u015fiyle birlikte bulundu\u011fu bir anda birinci kat balkonundan atlayarak evden ka\u00e7an 4 ya\u015f\u0131ndaki M.S. isimli \u00e7ocu\u011fu, Gazi Mustafa Kemal Bulvar\u0131nda so\u011fuk havada \u00fczerinde ceketi olmadan  ko\u015farken fark etmi\u015fti. \u00dcnal\u2019\u0131n muhafaza alt\u0131na ald\u0131\u011f\u0131 \u00e7ocuk, ablas\u0131yla birlikte b\u00f6lgeye gelen dedesine teslim edilmi\u015fti.<br \/><\/p>\n","protected":false},"excerpt":{"rendered":"<p>DEN\u0130ZL\u0130 (\u0130HA) \u2013 Denizli\u2019de ge\u00e7ti\u011fimiz y\u0131l balkondan atlayarak evden ka\u00e7an \u00e7ocu\u011fun bulunmas\u0131n\u0131 sa\u011flayan duyarl\u0131 belediye personeli H\u00fcseyin \u00dcnal, bu kez de kay\u0131p ihbar\u0131 yap\u0131lan 4 \u00e7ocu\u011fu ailesine kavu\u015fturdu. Edinilen bilgiye g\u00f6re; izin g\u00fcn\u00fcnde Denizli\u2019nin Pamukkale il\u00e7esine ba\u011fl\u0131 Atalar Mahallesi\u2019ndeki evinde dinlenen Denizli B\u00fcy\u00fck\u015fehir Belediyesi personeli H\u00fcseyin \u00dcnal, sosyal medyada gezinirken &#8220;\u00dczerinde Galatasaray formas\u0131 bulunan&#8221; 4&#8230;<\/p>\n","protected":false},"author":1,"featured_media":64375,"comment_status":"open","ping_status":"open","sticky":false,"template":"","format":"standard","meta":{"_crdt_document":"","footnotes":""},"categories":[5],"tags":[],"class_list":["post-64374","post","type-post","status-publish","format-standard","has-post-thumbnail","hentry","category-asayis"],"_links":{"self":[{"href":"https:\/\/www.egemtv.com\/index.php?rest_route=\/wp\/v2\/posts\/64374","targetHints":{"allow":["GET"]}}],"collection":[{"href":"https:\/\/www.egemtv.com\/index.php?rest_route=\/wp\/v2\/posts"}],"about":[{"href":"https:\/\/www.egemtv.com\/index.php?rest_route=\/wp\/v2\/types\/post"}],"author":[{"embeddable":true,"href":"https:\/\/www.egemtv.com\/index.php?rest_route=\/wp\/v2\/users\/1"}],"replies":[{"embeddable":true,"href":"https:\/\/www.egemtv.com\/index.php?rest_route=%2Fwp%2Fv2%2Fcomments&post=64374"}],"version-history":[{"count":1,"href":"https:\/\/www.egemtv.com\/index.php?rest_route=\/wp\/v2\/posts\/64374\/revisions"}],"predecessor-version":[{"id":64376,"href":"https:\/\/www.egemtv.com\/index.php?rest_route=\/wp\/v2\/posts\/64374\/revisions\/64376"}],"wp:featuredmedia":[{"embeddable":true,"href":"https:\/\/www.egemtv.com\/index.php?rest_route=\/wp\/v2\/media\/64375"}],"wp:attachment":[{"href":"https:\/\/www.egemtv.com\/index.php?rest_route=%2Fwp%2Fv2%2Fmedia&parent=64374"}],"wp:term":[{"taxonomy":"category","embeddable":true,"href":"https:\/\/www.egemtv.com\/index.php?rest_route=%2Fwp%2Fv2%2Fcategories&post=64374"},{"taxonomy":"post_tag","embeddable":true,"href":"https:\/\/www.egemtv.com\/index.php?rest_route=%2Fwp%2Fv2%2Ftags&post=64374"}],"curies":[{"name":"wp","href":"https:\/\/api.w.org\/{rel}","templated":true}]}}