{"id":64356,"date":"2025-10-28T14:34:42","date_gmt":"2025-10-28T11:34:42","guid":{"rendered":"https:\/\/www.egemtv.com\/?p=64356"},"modified":"2025-10-28T14:34:55","modified_gmt":"2025-10-28T11:34:55","slug":"baskan-cercioglu-sevilen-sanatcilari-genclerle-bulusturmaya-devam-ediyor","status":"publish","type":"post","link":"https:\/\/www.egemtv.com\/?p=64356","title":{"rendered":"Ba\u015fkan \u00c7er\u00e7io\u011flu, sevilen sanat\u00e7\u0131lar\u0131 gen\u00e7lerle bulu\u015fturmaya devam ediyor"},"content":{"rendered":"<p>Ayd\u0131n B\u00fcy\u00fck\u015fehir Belediyesi\u2019nin d\u00fczenledi\u011fi Ayd\u0131nfest Gen\u00e7lik Festivali, bu y\u0131l da Ayd\u0131n\u2019\u0131 m\u00fczi\u011fin, enerjinin ve gen\u00e7li\u011fin merkezi haline getirdi. Kentin d\u00f6rt bir yan\u0131ndan gelen on binlerce vatanda\u015f, birbirinden \u00fcnl\u00fc sanat\u00e7\u0131lar\u0131n konserleriyle unutulmaz anlar ya\u015fad\u0131.<br \/>\n<br \/>Festivalin \u00fc\u00e7\u00fcnc\u00fc g\u00fcn\u00fcnde Norm Ender, Emir Can \u0130\u011frek ve Sena \u015eener sahneye \u00e7\u0131karak Ayd\u0131nl\u0131lara m\u00fczik dolu bir gece ya\u015fatt\u0131. 60 binden fazla ki\u015finin kat\u0131ld\u0131\u011f\u0131 festivalin \u00fc\u00e7\u00fcnc\u00fc g\u00fcn\u00fcnde de kalabal\u0131k \u015fark\u0131lara hep bir a\u011f\u0131zdan e\u015flik etti. Renkli g\u00f6r\u00fcnt\u00fclerin olu\u015ftu\u011fu festival alan\u0131nda co\u015fku ak\u015fam\u0131n ge\u00e7 saatlerine kadar dinmedi.<br \/>\n<br \/>Festival bu ak\u015fam yap\u0131lacak final gecesiyle tamamlanacak. Ayd\u0131nfest Gen\u00e7lik Festivali\u2019nin final gecesinde sevilen sanat\u00e7\u0131lar Buray, Ati242 ve M Lisa, Ayd\u0131nl\u0131lar ile bulu\u015facak.<br \/><\/p>\n","protected":false},"excerpt":{"rendered":"<p>Ayd\u0131n B\u00fcy\u00fck\u015fehir Belediyesi\u2019nin d\u00fczenledi\u011fi Ayd\u0131nfest Gen\u00e7lik Festivali, bu y\u0131l da Ayd\u0131n\u2019\u0131 m\u00fczi\u011fin, enerjinin ve gen\u00e7li\u011fin merkezi haline getirdi. Kentin d\u00f6rt bir yan\u0131ndan gelen on binlerce vatanda\u015f, birbirinden \u00fcnl\u00fc sanat\u00e7\u0131lar\u0131n konserleriyle unutulmaz anlar ya\u015fad\u0131. Festivalin \u00fc\u00e7\u00fcnc\u00fc g\u00fcn\u00fcnde Norm Ender, Emir Can \u0130\u011frek ve Sena \u015eener sahneye \u00e7\u0131karak Ayd\u0131nl\u0131lara m\u00fczik dolu bir gece ya\u015fatt\u0131. 60 binden fazla&#8230;<\/p>\n","protected":false},"author":1,"featured_media":64357,"comment_status":"open","ping_status":"open","sticky":false,"template":"","format":"standard","meta":{"_crdt_document":"","footnotes":""},"categories":[1],"tags":[],"class_list":["post-64356","post","type-post","status-publish","format-standard","has-post-thumbnail","hentry","category-guncel"],"_links":{"self":[{"href":"https:\/\/www.egemtv.com\/index.php?rest_route=\/wp\/v2\/posts\/64356","targetHints":{"allow":["GET"]}}],"collection":[{"href":"https:\/\/www.egemtv.com\/index.php?rest_route=\/wp\/v2\/posts"}],"about":[{"href":"https:\/\/www.egemtv.com\/index.php?rest_route=\/wp\/v2\/types\/post"}],"author":[{"embeddable":true,"href":"https:\/\/www.egemtv.com\/index.php?rest_route=\/wp\/v2\/users\/1"}],"replies":[{"embeddable":true,"href":"https:\/\/www.egemtv.com\/index.php?rest_route=%2Fwp%2Fv2%2Fcomments&post=64356"}],"version-history":[{"count":1,"href":"https:\/\/www.egemtv.com\/index.php?rest_route=\/wp\/v2\/posts\/64356\/revisions"}],"predecessor-version":[{"id":64358,"href":"https:\/\/www.egemtv.com\/index.php?rest_route=\/wp\/v2\/posts\/64356\/revisions\/64358"}],"wp:featuredmedia":[{"embeddable":true,"href":"https:\/\/www.egemtv.com\/index.php?rest_route=\/wp\/v2\/media\/64357"}],"wp:attachment":[{"href":"https:\/\/www.egemtv.com\/index.php?rest_route=%2Fwp%2Fv2%2Fmedia&parent=64356"}],"wp:term":[{"taxonomy":"category","embeddable":true,"href":"https:\/\/www.egemtv.com\/index.php?rest_route=%2Fwp%2Fv2%2Fcategories&post=64356"},{"taxonomy":"post_tag","embeddable":true,"href":"https:\/\/www.egemtv.com\/index.php?rest_route=%2Fwp%2Fv2%2Ftags&post=64356"}],"curies":[{"name":"wp","href":"https:\/\/api.w.org\/{rel}","templated":true}]}}