{"id":64353,"date":"2025-10-28T14:15:58","date_gmt":"2025-10-28T11:15:58","guid":{"rendered":"https:\/\/www.egemtv.com\/?p=64353"},"modified":"2025-10-28T14:16:08","modified_gmt":"2025-10-28T11:16:08","slug":"mhp-aydin-il-baskanligi-hayirli-gunler-komsum-programina-basladi","status":"publish","type":"post","link":"https:\/\/www.egemtv.com\/?p=64353","title":{"rendered":"MHP Ayd\u0131n \u0130l Ba\u015fkanl\u0131\u011f\u0131 &#8220;Hay\u0131rl\u0131 G\u00fcnler Kom\u015fum&#8221; program\u0131na ba\u015flad\u0131"},"content":{"rendered":"<p>Milliyet\u00e7i Hareket Partisi (MHP) Ayd\u0131n \u0130l Ba\u015fkanl\u0131\u011f\u0131, vatanda\u015fla do\u011frudan temas kurmay\u0131 hedefleyen &#8220;Hay\u0131rl\u0131 G\u00fcnler Kom\u015fum&#8221; program\u0131n\u0131 ba\u015flatt\u0131. Program \u00e7er\u00e7evesinde ziyaretlere ba\u015flad\u0131klar\u0131n\u0131 kaydeden MHP Ayd\u0131n \u0130l Ba\u015fkan\u0131 Haluk Al\u0131c\u0131k, program\u0131n tan\u0131t\u0131m toplant\u0131s\u0131n\u0131 AK Parti Ayd\u0131n \u0130l Ba\u015fkan\u0131 Mehmet Erdem ve y\u00f6netiminin de kat\u0131ld\u0131\u011f\u0131 bas\u0131n toplant\u0131s\u0131 ile yapt\u0131. Al\u0131c\u0131k, &#8220;Dinlenmedik dert payla\u015f\u0131lmad\u0131k sorun kalmayacak&#8221; dedi.<\/p>\n<p>Ayd\u0131n Efeler il\u00e7e merkezinde ger\u00e7ekle\u015ftirilen toplant\u0131da konu\u015fan MHP Ayd\u0131n \u0130l Ba\u015fkan\u0131 Haluk Al\u0131c\u0131k, &#8220;MHP olarak milletimizin her zaman yan\u0131nday\u0131z. Amac\u0131m\u0131z, halk\u0131m\u0131z\u0131n sesine kulak vermek ve her mahallede \u2018ter\u00f6rs\u00fcz, g\u00fc\u00e7l\u00fc bir T\u00fcrkiye\u2019 idealini anlatmak. \u00dclke olarak 50 y\u0131ld\u0131r ter\u00f6r belas\u0131yla m\u00fccadele eden bir milletiz. Bug\u00fcn art\u0131k bu ac\u0131y\u0131 geride b\u0131rakmak istiyoruz. MHP olarak ter\u00f6rle pazarl\u0131k yap\u0131lmas\u0131na, \u00fclkemizin birlik ve b\u00fct\u00fcnl\u00fc\u011f\u00fcne zarar verecek hi\u00e7bir giri\u015fime izin vermeyece\u011fiz&#8221; dedi.<\/p>\n<p>&#8220;21. y\u00fczy\u0131l\u0131n lider \u00fclkesi T\u00fcrkiye olacak&#8221;<br \/>\n<br \/>24 Ekim itibariyle &#8220;Hay\u0131rl\u0131 g\u00fcnler kom\u015fun. Nas\u0131ls\u0131n?&#8221; program\u0131na start verildi\u011fini kaydeden Ba\u015fkan Al\u0131c\u0131k, &#8220;T\u00fcrkiye birlik beraberlik i\u00e7inde olursa 21. y\u00fczy\u0131l\u0131n lider \u00fclkesi olacak. Vatanda\u015f\u0131m\u0131z\u0131n s\u0131k\u0131nt\u0131s\u0131n\u0131 biliyoruz, \u00e7are de biz olaca\u011f\u0131z. Cumhur ittifak\u0131 devletin akl\u0131 ile millet vicdanin bulu\u015ftu\u011fu kutlu bir davad\u0131r. Bilge liderimiz Devlet Bah\u00e7eli\u2019nin vizyonu, Cumhurba\u015fkan\u0131m\u0131z Recep Tayyip Erdo\u011fan\u2019\u0131n stratejik ad\u0131mlar\u0131yla birle\u015ferek T\u00fcrkiye\u2019yi b\u00f6lgesel g\u00fc\u00e7ten k\u00fcresel akt\u00f6r konumuna ta\u015f\u0131m\u0131\u015ft\u0131r. Sadece se\u00e7im zaman\u0131nda de\u011fil her zaman sahaday\u0131z. Cumhurba\u015fkan\u0131m\u0131z \u2018D\u00fcnya 5\u2019ten b\u00fcy\u00fckt\u00fcr\u2019 derken oyunun sonunu g\u00f6rmeyenler oldu. \u00c7anakkale\u2019de nas\u0131l herkes t\u00fck y\u00fcrek olduysa ileride de ayn\u0131 \u015fey olacak. Kazanan birlik ve beraberlik olacak&#8221; diyerek bu \u00fclkede en b\u00fcy\u00fck ihtiyac\u0131n birlik ve beraberlik oldu\u011funu kaydetti.<\/p>\n<p>T\u00fcrkiye\u2019nin birlik ve beraberli\u011fine vurgu yapan Al\u0131c\u0131k, &#8220;K\u00fcrt\u2019\u00fcyle, Laz\u2019\u0131yla, \u00c7erkez\u2019iyle, T\u00fcrkmen\u2019iyle, Alevi\u2019siyle, S\u00fcnni\u2019siyle bu vatan bir b\u00fct\u00fcnd\u00fcr. Bug\u00fcn \u00fclkemizin her k\u00f6\u015fesinde, Do\u011fu\u2019dan Bat\u0131\u2019ya, Kuzey\u2019den G\u00fcney\u2019e ayn\u0131 duyguyu ayn\u0131 payla\u015f\u0131yoruz. Avrupa\u2019da T\u00fcrk Bayra\u011f\u0131\u2019n\u0131 indirmeye kalkan ellerin kar\u015f\u0131s\u0131nda duran da, Afrika\u2019da T\u00fcrk\u00e7e \u00f6\u011fretip g\u00f6n\u00fcl k\u00f6pr\u00fcs\u00fc kuran da ayn\u0131 ruhtur. T\u00fcrk milliyet\u00e7ili\u011fi ruhudur. MHP olarak dinlenmedik dert payla\u015f\u0131lmad\u0131k sorun b\u0131rakmayaca\u011f\u0131z&#8221; dedi.<\/p>\n<p>Gazetecilerin sorular\u0131na da cevap veren MHP \u0130l Ba\u015fkan\u0131 Haluk AL\u0131c\u0131k, Cumhur ittifak\u0131 olarak Ayd\u0131n\u2019da uyum i\u00e7inde \u00e7al\u0131\u015fmalar\u0131n\u0131 s\u00fcrd\u00fcrd\u00fcklerini belirtirken, AK Parti Ayd\u0131n \u0130l Ba\u015fkan\u0131 Mehmet Erdem\u2019de &#8220;Al\u0131c\u0131k\u2019\u0131n a\u00e7\u0131klamalar\u0131na t\u00fcm kalbimle imzam\u0131 at\u0131yorum&#8221; ifadelerini kulland\u0131.<br \/><\/p>\n","protected":false},"excerpt":{"rendered":"<p>Milliyet\u00e7i Hareket Partisi (MHP) Ayd\u0131n \u0130l Ba\u015fkanl\u0131\u011f\u0131, vatanda\u015fla do\u011frudan temas kurmay\u0131 hedefleyen &#8220;Hay\u0131rl\u0131 G\u00fcnler Kom\u015fum&#8221; program\u0131n\u0131 ba\u015flatt\u0131. Program \u00e7er\u00e7evesinde ziyaretlere ba\u015flad\u0131klar\u0131n\u0131 kaydeden MHP Ayd\u0131n \u0130l Ba\u015fkan\u0131 Haluk Al\u0131c\u0131k, program\u0131n tan\u0131t\u0131m toplant\u0131s\u0131n\u0131 AK Parti Ayd\u0131n \u0130l Ba\u015fkan\u0131 Mehmet Erdem ve y\u00f6netiminin de kat\u0131ld\u0131\u011f\u0131 bas\u0131n toplant\u0131s\u0131 ile yapt\u0131. Al\u0131c\u0131k, &#8220;Dinlenmedik dert payla\u015f\u0131lmad\u0131k sorun kalmayacak&#8221; dedi. Ayd\u0131n Efeler&#8230;<\/p>\n","protected":false},"author":1,"featured_media":64354,"comment_status":"open","ping_status":"open","sticky":false,"template":"","format":"standard","meta":{"_crdt_document":"","footnotes":""},"categories":[127],"tags":[],"class_list":["post-64353","post","type-post","status-publish","format-standard","has-post-thumbnail","hentry","category-siyaset"],"_links":{"self":[{"href":"https:\/\/www.egemtv.com\/index.php?rest_route=\/wp\/v2\/posts\/64353","targetHints":{"allow":["GET"]}}],"collection":[{"href":"https:\/\/www.egemtv.com\/index.php?rest_route=\/wp\/v2\/posts"}],"about":[{"href":"https:\/\/www.egemtv.com\/index.php?rest_route=\/wp\/v2\/types\/post"}],"author":[{"embeddable":true,"href":"https:\/\/www.egemtv.com\/index.php?rest_route=\/wp\/v2\/users\/1"}],"replies":[{"embeddable":true,"href":"https:\/\/www.egemtv.com\/index.php?rest_route=%2Fwp%2Fv2%2Fcomments&post=64353"}],"version-history":[{"count":1,"href":"https:\/\/www.egemtv.com\/index.php?rest_route=\/wp\/v2\/posts\/64353\/revisions"}],"predecessor-version":[{"id":64355,"href":"https:\/\/www.egemtv.com\/index.php?rest_route=\/wp\/v2\/posts\/64353\/revisions\/64355"}],"wp:featuredmedia":[{"embeddable":true,"href":"https:\/\/www.egemtv.com\/index.php?rest_route=\/wp\/v2\/media\/64354"}],"wp:attachment":[{"href":"https:\/\/www.egemtv.com\/index.php?rest_route=%2Fwp%2Fv2%2Fmedia&parent=64353"}],"wp:term":[{"taxonomy":"category","embeddable":true,"href":"https:\/\/www.egemtv.com\/index.php?rest_route=%2Fwp%2Fv2%2Fcategories&post=64353"},{"taxonomy":"post_tag","embeddable":true,"href":"https:\/\/www.egemtv.com\/index.php?rest_route=%2Fwp%2Fv2%2Ftags&post=64353"}],"curies":[{"name":"wp","href":"https:\/\/api.w.org\/{rel}","templated":true}]}}