{"id":64350,"date":"2025-10-28T14:15:32","date_gmt":"2025-10-28T11:15:32","guid":{"rendered":"https:\/\/www.egemtv.com\/?p=64350"},"modified":"2025-10-28T14:15:39","modified_gmt":"2025-10-28T11:15:39","slug":"manisa-fk-kupa-maci-hazirliklarini-tamamladi-2","status":"publish","type":"post","link":"https:\/\/www.egemtv.com\/?p=64350","title":{"rendered":"Manisa FK kupa ma\u00e7\u0131 haz\u0131rl\u0131klar\u0131n\u0131 tamamlad\u0131"},"content":{"rendered":"<p>Manisa Futbol Kul\u00fcb\u00fc, Ziraat T\u00fcrkiye Kupas\u0131 3. Eleme Turu ma\u00e7\u0131nda sahas\u0131nda konuk edece\u011fi Mu\u011flaspor ma\u00e7\u0131n\u0131n haz\u0131rl\u0131klar\u0131n\u0131 tamamlad\u0131.<br \/>\n<br \/>Manisa Futbol Kul\u00fcb\u00fcm\u00fcz, Ziraat T\u00fcrkiye Kupas\u0131 3. Eleme Turu ma\u00e7\u0131nda yar\u0131n saat 18.00\u2019de Manisa 19 May\u0131s Stadyumu\u2019nda Mu\u011flaspor\u2019u a\u011f\u0131rlayacak. Siyah-beyazl\u0131lar, m\u00fccadeleden galibiyetle ayr\u0131larak ad\u0131n\u0131 bir \u00fcst tura yazd\u0131rmak istiyor.<br \/>\n<br \/>Manisa Futbol Kul\u00fcb\u00fc, Ziraat T\u00fcrkiye Kupas\u0131 3. Eleme Turu m\u00fccadelesinde sahas\u0131nda Nesine 2. Lig Beyaz Grup ekibi Mu\u011flaspor\u2019u konuk edecek. 29 Ekim \u00c7ar\u015famba g\u00fcn\u00fc Manisa 19 May\u0131s Stadyumu\u2019nda oynanacak m\u00fccadele saat 18.00\u2019de ba\u015flayacak.<br \/>\n<br \/>Manisa FK, kar\u015f\u0131la\u015fman\u0131n haz\u0131rl\u0131klar\u0131n\u0131 bug\u00fcn ger\u00e7ekle\u015ftirdi\u011fi antrenmanla noktalad\u0131. Teknik Direkt\u00f6r Taner Ta\u015fk\u0131n y\u00f6netiminde ger\u00e7ekle\u015fen ter antrenman\u0131yla \u00e7al\u0131\u015fmalar\u0131n\u0131 tamamlayan Siyah-beyazl\u0131lar, kampa girerek ma\u00e7 saatini beklemeye ba\u015flad\u0131.<br \/><\/p>\n","protected":false},"excerpt":{"rendered":"<p>Manisa Futbol Kul\u00fcb\u00fc, Ziraat T\u00fcrkiye Kupas\u0131 3. Eleme Turu ma\u00e7\u0131nda sahas\u0131nda konuk edece\u011fi Mu\u011flaspor ma\u00e7\u0131n\u0131n haz\u0131rl\u0131klar\u0131n\u0131 tamamlad\u0131. Manisa Futbol Kul\u00fcb\u00fcm\u00fcz, Ziraat T\u00fcrkiye Kupas\u0131 3. Eleme Turu ma\u00e7\u0131nda yar\u0131n saat 18.00\u2019de Manisa 19 May\u0131s Stadyumu\u2019nda Mu\u011flaspor\u2019u a\u011f\u0131rlayacak. Siyah-beyazl\u0131lar, m\u00fccadeleden galibiyetle ayr\u0131larak ad\u0131n\u0131 bir \u00fcst tura yazd\u0131rmak istiyor. Manisa Futbol Kul\u00fcb\u00fc, Ziraat T\u00fcrkiye Kupas\u0131 3. Eleme Turu&#8230;<\/p>\n","protected":false},"author":1,"featured_media":64351,"comment_status":"open","ping_status":"open","sticky":false,"template":"","format":"standard","meta":{"_crdt_document":"","footnotes":""},"categories":[4],"tags":[],"class_list":["post-64350","post","type-post","status-publish","format-standard","has-post-thumbnail","hentry","category-spor"],"_links":{"self":[{"href":"https:\/\/www.egemtv.com\/index.php?rest_route=\/wp\/v2\/posts\/64350","targetHints":{"allow":["GET"]}}],"collection":[{"href":"https:\/\/www.egemtv.com\/index.php?rest_route=\/wp\/v2\/posts"}],"about":[{"href":"https:\/\/www.egemtv.com\/index.php?rest_route=\/wp\/v2\/types\/post"}],"author":[{"embeddable":true,"href":"https:\/\/www.egemtv.com\/index.php?rest_route=\/wp\/v2\/users\/1"}],"replies":[{"embeddable":true,"href":"https:\/\/www.egemtv.com\/index.php?rest_route=%2Fwp%2Fv2%2Fcomments&post=64350"}],"version-history":[{"count":1,"href":"https:\/\/www.egemtv.com\/index.php?rest_route=\/wp\/v2\/posts\/64350\/revisions"}],"predecessor-version":[{"id":64352,"href":"https:\/\/www.egemtv.com\/index.php?rest_route=\/wp\/v2\/posts\/64350\/revisions\/64352"}],"wp:featuredmedia":[{"embeddable":true,"href":"https:\/\/www.egemtv.com\/index.php?rest_route=\/wp\/v2\/media\/64351"}],"wp:attachment":[{"href":"https:\/\/www.egemtv.com\/index.php?rest_route=%2Fwp%2Fv2%2Fmedia&parent=64350"}],"wp:term":[{"taxonomy":"category","embeddable":true,"href":"https:\/\/www.egemtv.com\/index.php?rest_route=%2Fwp%2Fv2%2Fcategories&post=64350"},{"taxonomy":"post_tag","embeddable":true,"href":"https:\/\/www.egemtv.com\/index.php?rest_route=%2Fwp%2Fv2%2Ftags&post=64350"}],"curies":[{"name":"wp","href":"https:\/\/api.w.org\/{rel}","templated":true}]}}