{"id":64347,"date":"2025-10-28T14:15:03","date_gmt":"2025-10-28T11:15:03","guid":{"rendered":"https:\/\/www.egemtv.com\/?p=64347"},"modified":"2025-10-28T14:15:17","modified_gmt":"2025-10-28T11:15:17","slug":"camelide-29-ekim-kutlamalari-basladi","status":"publish","type":"post","link":"https:\/\/www.egemtv.com\/?p=64347","title":{"rendered":"\u00c7ameli\u2019de 29 Ekim kutlamalar\u0131 ba\u015flad\u0131"},"content":{"rendered":"<p>29 Ekim Cumhuriyet Bayram\u0131 ve T\u00fcrkiye Cumhuriyeti\u2019nin kurulunun 102. y\u0131ld\u00f6n\u00fcm\u00fc kutlamalar\u0131 \u00c7ameli il\u00e7e merkezinde Atat\u00fcrk abidesine \u00e7elenk sunumu ile ba\u015flad\u0131.<\/p>\n<p>29 Ekim Cumhuriyet Bayram\u0131 kutlamalar\u0131, \u00c7ameli il\u00e7e merkezinde Atat\u00fcrk An\u0131t\u0131\u2019na \u00e7elenk sunma t\u00f6reniyle ba\u015flad\u0131. T\u00f6ren, \u00c7ameli Kaymakaml\u0131\u011f\u0131 ve \u00c7ameli Belediye Ba\u015fkanl\u0131\u011f\u0131 taraf\u0131ndan Atat\u00fcrk An\u0131t\u0131\u2019na \u00e7elenk sunulmas\u0131n\u0131n ard\u0131ndan sayg\u0131 duru\u015fu ve \u0130stiklal Mar\u015f\u0131\u2019n\u0131n okunmas\u0131yla devam etti.<\/p>\n<p>T\u00f6rene \u00c7ameli Kaymakam\u0131 Mustafa \u00c7elik, \u00c7ameli Belediye Ba\u015fkan\u0131 Cengiz Arslan, \u00c7ameli Cumhuriyet Savc\u0131s\u0131 Yusuf Ayd\u0131n, kurum amirleri, \u015fehit aileleri, gaziler, siyasi parti ve sivil toplum kurulu\u015flar\u0131n\u0131n temsilcileri, \u00f6\u011fretmenler, \u00f6\u011frenciler ve vatanda\u015flar kat\u0131ld\u0131.<br \/><\/p>\n","protected":false},"excerpt":{"rendered":"<p>29 Ekim Cumhuriyet Bayram\u0131 ve T\u00fcrkiye Cumhuriyeti\u2019nin kurulunun 102. y\u0131ld\u00f6n\u00fcm\u00fc kutlamalar\u0131 \u00c7ameli il\u00e7e merkezinde Atat\u00fcrk abidesine \u00e7elenk sunumu ile ba\u015flad\u0131. 29 Ekim Cumhuriyet Bayram\u0131 kutlamalar\u0131, \u00c7ameli il\u00e7e merkezinde Atat\u00fcrk An\u0131t\u0131\u2019na \u00e7elenk sunma t\u00f6reniyle ba\u015flad\u0131. T\u00f6ren, \u00c7ameli Kaymakaml\u0131\u011f\u0131 ve \u00c7ameli Belediye Ba\u015fkanl\u0131\u011f\u0131 taraf\u0131ndan Atat\u00fcrk An\u0131t\u0131\u2019na \u00e7elenk sunulmas\u0131n\u0131n ard\u0131ndan sayg\u0131 duru\u015fu ve \u0130stiklal Mar\u015f\u0131\u2019n\u0131n okunmas\u0131yla devam etti&#8230;.<\/p>\n","protected":false},"author":1,"featured_media":64348,"comment_status":"open","ping_status":"open","sticky":false,"template":"","format":"standard","meta":{"_crdt_document":"","footnotes":""},"categories":[1],"tags":[],"class_list":["post-64347","post","type-post","status-publish","format-standard","has-post-thumbnail","hentry","category-guncel"],"_links":{"self":[{"href":"https:\/\/www.egemtv.com\/index.php?rest_route=\/wp\/v2\/posts\/64347","targetHints":{"allow":["GET"]}}],"collection":[{"href":"https:\/\/www.egemtv.com\/index.php?rest_route=\/wp\/v2\/posts"}],"about":[{"href":"https:\/\/www.egemtv.com\/index.php?rest_route=\/wp\/v2\/types\/post"}],"author":[{"embeddable":true,"href":"https:\/\/www.egemtv.com\/index.php?rest_route=\/wp\/v2\/users\/1"}],"replies":[{"embeddable":true,"href":"https:\/\/www.egemtv.com\/index.php?rest_route=%2Fwp%2Fv2%2Fcomments&post=64347"}],"version-history":[{"count":1,"href":"https:\/\/www.egemtv.com\/index.php?rest_route=\/wp\/v2\/posts\/64347\/revisions"}],"predecessor-version":[{"id":64349,"href":"https:\/\/www.egemtv.com\/index.php?rest_route=\/wp\/v2\/posts\/64347\/revisions\/64349"}],"wp:featuredmedia":[{"embeddable":true,"href":"https:\/\/www.egemtv.com\/index.php?rest_route=\/wp\/v2\/media\/64348"}],"wp:attachment":[{"href":"https:\/\/www.egemtv.com\/index.php?rest_route=%2Fwp%2Fv2%2Fmedia&parent=64347"}],"wp:term":[{"taxonomy":"category","embeddable":true,"href":"https:\/\/www.egemtv.com\/index.php?rest_route=%2Fwp%2Fv2%2Fcategories&post=64347"},{"taxonomy":"post_tag","embeddable":true,"href":"https:\/\/www.egemtv.com\/index.php?rest_route=%2Fwp%2Fv2%2Ftags&post=64347"}],"curies":[{"name":"wp","href":"https:\/\/api.w.org\/{rel}","templated":true}]}}