{"id":64344,"date":"2025-10-28T13:55:19","date_gmt":"2025-10-28T10:55:19","guid":{"rendered":"https:\/\/www.egemtv.com\/?p=64344"},"modified":"2025-10-28T13:55:28","modified_gmt":"2025-10-28T10:55:28","slug":"denizlide-cumhuriyetin-102-yildonumu-kutlamalari-celenk-sunumuyla-basladi","status":"publish","type":"post","link":"https:\/\/www.egemtv.com\/?p=64344","title":{"rendered":"Denizli\u2019de Cumhuriyetin 102. y\u0131ld\u00f6n\u00fcm\u00fc kutlamalar\u0131 \u00e7elenk sunumuyla ba\u015flad\u0131"},"content":{"rendered":"<p>Denizli\u2019de T\u00fcrkiye Cumhuriyetinin kurulu\u015funun 102. y\u0131l\u0131 ve 29 Ekim Cumhuriyet Bayram\u0131 kutlamalar\u0131, protokol \u00fcyelerinin Atat\u00fcrk abidesine \u00e7elenkleri sunmas\u0131yla ba\u015flad\u0131.<\/p>\n<p>Denizli\u2019de T\u00fcrkiye Cumhuriyetinin kurulu\u015funun 102. y\u0131l\u0131 ve 29 Ekim Cumhuriyet Bayram\u0131 kutlamalar\u0131 kapsam\u0131nda \u00e7elenk sunma t\u00f6reni d\u00fczenlendi. Pamukkale Kaymakaml\u0131\u011f\u0131n\u0131n \u00f6n\u00fcndeki Atat\u00fcrk An\u0131t\u0131nda d\u00fczenlenen t\u00f6rene Denizli Valisi \u00d6mer Faruk Co\u015fkun, Denizli B\u00fcy\u00fck\u015fehir Belediye Ba\u015fkan\u0131 B\u00fclent Nuri \u00c7avu\u015fo\u011flu, 11. Komando Tugay ve Garnizon Komutan\u0131 Tu\u011fgeneral Turgut Muhammet \u00c7al\u0131\u015fkanlar, Pamukkale Kaymakam\u0131 U\u011fur Bulut, Merkezefendi Kaymakam\u0131 Abdullah Demir, Denizli Merkezefendi Belediye Ba\u015fkan\u0131 \u015eeniz Do\u011fan, Denizli milletvekilleri, siyasi parti, kamu kurum ve kurulu\u015flar\u0131yla meslek \u00f6rg\u00fctleri temsilcileri ve vatanda\u015flar kat\u0131l\u0131m sa\u011flad\u0131.<\/p>\n<p>Denizli Valisi \u00d6mer Faruk Co\u015fkun ve Denizli B\u00fcy\u00fck\u015fehir Belediye Ba\u015fkan\u0131 B\u00fclent Nuri \u00c7avu\u015fo\u011flu ile 11. Komando Tugay ve Garnizon Komutan\u0131 Tu\u011fgeneral Turgut Muhammet \u00c7al\u0131\u015fkanlar\u2019\u0131n Atat\u00fcrk an\u0131t\u0131na \u00e7elenkleri sunmas\u0131yla ba\u015flayan t\u00f6ren, sayg\u0131 duru\u015funda bulunulmas\u0131 ve \u0130stiklal Mar\u015f\u0131n\u0131n okunmas\u0131yla sona erdi.<br \/>\n<br \/>Denizli\u2019deki 29 Ekim Cumhuriyet Bayram\u0131 kutlamalar\u0131 yar\u0131n Denizli Valisi \u00d6mer Faruk Co\u015fkun\u2019un makam\u0131nda tebrikatlar\u0131 kabul etmesi ve saat 10.15\u2019de ba\u015flayacak olan resmi ge\u00e7it t\u00f6reniyle devam edecek.<br \/><\/p>\n","protected":false},"excerpt":{"rendered":"<p>Denizli\u2019de T\u00fcrkiye Cumhuriyetinin kurulu\u015funun 102. y\u0131l\u0131 ve 29 Ekim Cumhuriyet Bayram\u0131 kutlamalar\u0131, protokol \u00fcyelerinin Atat\u00fcrk abidesine \u00e7elenkleri sunmas\u0131yla ba\u015flad\u0131. Denizli\u2019de T\u00fcrkiye Cumhuriyetinin kurulu\u015funun 102. y\u0131l\u0131 ve 29 Ekim Cumhuriyet Bayram\u0131 kutlamalar\u0131 kapsam\u0131nda \u00e7elenk sunma t\u00f6reni d\u00fczenlendi. Pamukkale Kaymakaml\u0131\u011f\u0131n\u0131n \u00f6n\u00fcndeki Atat\u00fcrk An\u0131t\u0131nda d\u00fczenlenen t\u00f6rene Denizli Valisi \u00d6mer Faruk Co\u015fkun, Denizli B\u00fcy\u00fck\u015fehir Belediye Ba\u015fkan\u0131 B\u00fclent Nuri \u00c7avu\u015fo\u011flu,&#8230;<\/p>\n","protected":false},"author":1,"featured_media":64345,"comment_status":"open","ping_status":"open","sticky":false,"template":"","format":"standard","meta":{"_crdt_document":"","footnotes":""},"categories":[1],"tags":[],"class_list":["post-64344","post","type-post","status-publish","format-standard","has-post-thumbnail","hentry","category-guncel"],"_links":{"self":[{"href":"https:\/\/www.egemtv.com\/index.php?rest_route=\/wp\/v2\/posts\/64344","targetHints":{"allow":["GET"]}}],"collection":[{"href":"https:\/\/www.egemtv.com\/index.php?rest_route=\/wp\/v2\/posts"}],"about":[{"href":"https:\/\/www.egemtv.com\/index.php?rest_route=\/wp\/v2\/types\/post"}],"author":[{"embeddable":true,"href":"https:\/\/www.egemtv.com\/index.php?rest_route=\/wp\/v2\/users\/1"}],"replies":[{"embeddable":true,"href":"https:\/\/www.egemtv.com\/index.php?rest_route=%2Fwp%2Fv2%2Fcomments&post=64344"}],"version-history":[{"count":1,"href":"https:\/\/www.egemtv.com\/index.php?rest_route=\/wp\/v2\/posts\/64344\/revisions"}],"predecessor-version":[{"id":64346,"href":"https:\/\/www.egemtv.com\/index.php?rest_route=\/wp\/v2\/posts\/64344\/revisions\/64346"}],"wp:featuredmedia":[{"embeddable":true,"href":"https:\/\/www.egemtv.com\/index.php?rest_route=\/wp\/v2\/media\/64345"}],"wp:attachment":[{"href":"https:\/\/www.egemtv.com\/index.php?rest_route=%2Fwp%2Fv2%2Fmedia&parent=64344"}],"wp:term":[{"taxonomy":"category","embeddable":true,"href":"https:\/\/www.egemtv.com\/index.php?rest_route=%2Fwp%2Fv2%2Fcategories&post=64344"},{"taxonomy":"post_tag","embeddable":true,"href":"https:\/\/www.egemtv.com\/index.php?rest_route=%2Fwp%2Fv2%2Ftags&post=64344"}],"curies":[{"name":"wp","href":"https:\/\/api.w.org\/{rel}","templated":true}]}}